{"id":64764,"date":"2024-01-30T11:30:00","date_gmt":"2024-01-30T17:30:00","guid":{"rendered":"http:\/\/www.zonaroja.com.mx\/?p=64764"},"modified":"2024-01-30T07:52:25","modified_gmt":"2024-01-30T13:52:25","slug":"rechaza-seccion-investigaciones-del-ieepo-contra-normal-de-tamazulapam","status":"publish","type":"post","link":"https:\/\/zonaroja.com.mx\/?p=64764","title":{"rendered":"Rechaza Secci\u00f3n investigaciones del IEEPO contra normal de Tamazul\u00e1pam"},"content":{"rendered":"\n<p>Yuridiana Sosa\/Zona Roja.<\/p>\n\n\n\n<p>Oaxaca de Ju\u00e1rez, Oax., 30 de enero de 2024.- Ante la advertencia de las investigaciones e intervenci\u00f3n del Instituto Estatal de Educaci\u00f3n P\u00fablica de Oaxaca (IEEPO) por el caso de la Escuela Normal \u201cVanguardia\u201d de Tamazul\u00e1pam del Progreso, la Secci\u00f3n 22 del Sindicato Nacional de Trabajadores de la Educaci\u00f3n (SNTE) manifest\u00f3 su rechazo, al considerar que las indagatorias institucionales son un acto de criminalizaci\u00f3n.<\/p>\n\n\n\n<p>El gobierno, apunt\u00f3 la gremial en un comunicado, ha denostado las din\u00e1micas internas, as\u00ed como la forma de lucha del normalismo, diciendo: \u201ctenemos ubicadas a las chicas que encabezan este grupo de choque\u201d y que \u201cno vamos a tolerar a ninguna secta\u201d.<\/p>\n\n\n\n<p>Las acciones que realizar\u00e1 el IEEPO representan una cacer\u00eda de brujas al interior de la normal de Tamazulapam del Progreso, misma que comenz\u00f3 con la destituci\u00f3n del director del plantel educativo, indic\u00f3 el magisterio.<\/p>\n\n\n\n<p>La Secci\u00f3n 22, adherida a la Coordinadora Nacional de Trabajadores de la Educaci\u00f3n (CNTE), neg\u00f3 que exista preocupaci\u00f3n de IEEPO sobre la violencia en la normal, por lo que consider\u00f3 que las investigaciones s\u00f3lo tienen un sesgo pol\u00edtico.<\/p>\n\n\n\n<p>\u201cComo sindicato, rechazamos categ\u00f3ricamente cualquier tipo de intromisi\u00f3n que el Estado pretenda realizar dentro de la escuela normal, pues su objetivo real es desaparecer el normalismo combativo\u201d, asever\u00f3 la gremial.<\/p>\n\n\n\n<p>Por lo que exigi\u00f3 al IEEPO un alto a la campa\u00f1a de linchamiento en contra de la Normal Rural \u201cVanguardia\u201d, as\u00ed como recalcaron su rechazo a todo ataque que se realice en contra de los integrantes de la Escuela Normal, desde directivos, docentes, personal de apoyo y estudiantes normalistas.<\/p>\n\n\n\n<p>De cualquier da\u00f1o a la integridad de los miembros de la normal, la Secci\u00f3n 22 responsabiliz\u00f3 al Gobierno del Estado.<\/p>\n","protected":false},"excerpt":{"rendered":"<p>Yuridiana Sosa\/Zona Roja. Oaxaca de Ju\u00e1rez, Oax., 30 de enero de 2024.- Ante la advertencia&hellip;<\/p>\n","protected":false},"author":2,"featured_media":17429,"comment_status":"closed","ping_status":"open","sticky":false,"template":"","format":"standard","meta":{"_lmt_disableupdate":"","_lmt_disable":"","_jetpack_memberships_contains_paid_content":false,"footnotes":""},"categories":[109,47],"tags":[759],"class_list":["post-64764","post","type-post","status-publish","format-standard","has-post-thumbnail","hentry","category-minuto-a-minuto","category-zona-gris","tag-escuela-normal-vanguardia-de-tamazulapam"],"jetpack_featured_media_url":"https:\/\/zonaroja.com.mx\/wp-content\/uploads\/2020\/09\/Escuela-Normal-Rural-Vanguardia-Tamazulapam.jpg","jetpack_sharing_enabled":true,"_links":{"self":[{"href":"https:\/\/zonaroja.com.mx\/index.php?rest_route=\/wp\/v2\/posts\/64764","targetHints":{"allow":["GET"]}}],"collection":[{"href":"https:\/\/zonaroja.com.mx\/index.php?rest_route=\/wp\/v2\/posts"}],"about":[{"href":"https:\/\/zonaroja.com.mx\/index.php?rest_route=\/wp\/v2\/types\/post"}],"author":[{"embeddable":true,"href":"https:\/\/zonaroja.com.mx\/index.php?rest_route=\/wp\/v2\/users\/2"}],"replies":[{"embeddable":true,"href":"https:\/\/zonaroja.com.mx\/index.php?rest_route=%2Fwp%2Fv2%2Fcomments&post=64764"}],"version-history":[{"count":1,"href":"https:\/\/zonaroja.com.mx\/index.php?rest_route=\/wp\/v2\/posts\/64764\/revisions"}],"predecessor-version":[{"id":64765,"href":"https:\/\/zonaroja.com.mx\/index.php?rest_route=\/wp\/v2\/posts\/64764\/revisions\/64765"}],"wp:featuredmedia":[{"embeddable":true,"href":"https:\/\/zonaroja.com.mx\/index.php?rest_route=\/wp\/v2\/media\/17429"}],"wp:attachment":[{"href":"https:\/\/zonaroja.com.mx\/index.php?rest_route=%2Fwp%2Fv2%2Fmedia&parent=64764"}],"wp:term":[{"taxonomy":"category","embeddable":true,"href":"https:\/\/zonaroja.com.mx\/index.php?rest_route=%2Fwp%2Fv2%2Fcategories&post=64764"},{"taxonomy":"post_tag","embeddable":true,"href":"https:\/\/zonaroja.com.mx\/index.php?rest_route=%2Fwp%2Fv2%2Ftags&post=64764"}],"curies":[{"name":"wp","href":"https:\/\/api.w.org\/{rel}","templated":true}]}}