{"id":64769,"date":"2024-01-30T12:00:00","date_gmt":"2024-01-30T18:00:00","guid":{"rendered":"http:\/\/www.zonaroja.com.mx\/?p=64769"},"modified":"2024-01-30T08:02:22","modified_gmt":"2024-01-30T14:02:22","slug":"destaca-fiscal-de-oaxaca-convenio-de-seguridad-con-puebla-para-abatir-delitos","status":"publish","type":"post","link":"https:\/\/zonaroja.com.mx\/?p=64769","title":{"rendered":"Destaca fiscal de Oaxaca convenio de seguridad con Puebla para abatir delitos"},"content":{"rendered":"\n<p>Redacci\u00f3n\/Zona Roja.<\/p>\n\n\n\n<p>Oaxaca de Ju\u00e1rez, Oax., a 30 de enero de 2024.- Al participar en la Reuni\u00f3n de Coordinaci\u00f3n Interestatal para la Construcci\u00f3n de la Paz y Seguridad entre los Estados de Puebla y Oaxaca,&nbsp; el fiscal General del Estado, Bernardo Rodr\u00edguez Alamilla, se\u00f1al\u00f3 que la colaboraci\u00f3n interinstitucionales entre las entidades permite mejorar la coordinaci\u00f3n por medio de la generaci\u00f3n de estrategias conjuntas que permiten hace m\u00e1s eficientes los trabajos de procuraci\u00f3n de justicia, seguridad y paz social en esta regi\u00f3n del pa\u00eds.<\/p>\n\n\n\n<p>El encuentro estuvo encabezado por el Gobernador del Estado de Oaxaca, Salom\u00f3n Jara Cruz, y el Gobernador del Estado de Puebla, Sergio Salom\u00f3n C\u00e9spedes Peregrina, adem\u00e1s de contar con la participaron del Fiscal General del Estado de Puebla, Gilberto Higuera Bernal, ante quienes el Fiscal General de Oaxaca Bernardo Rodr\u00edguez Alamilla resalt\u00f3 la importancia que, por primera vez, se establezca este tipo de colaboraci\u00f3n interestatal para compartir informaci\u00f3n, as\u00ed como contribuir en los trabajos de inteligencia y generar sinergias que abonan a generar procesos de fortalecimiento de la seguridad y paz en las zonas lim\u00edtrofes entre ambos estados.<\/p>\n\n\n\n<p>Asimismo, en el evento estuvo presente el General de Brigada, Comandante Jos\u00e9 Manuel Ram\u00edrez Mart\u00ednez de la 25\u00aa Zona Militar;&nbsp; el secretario de Gobernaci\u00f3n de Puebla, Javier Aquino Lim\u00f3n; el secretario de Seguridad P\u00fablica de Puebla, Daniel Iv\u00e1n Cruz Luna; el coordinador estatal de la Guardia Nacional en Puebla, General Issac Aaron Jes\u00fas Garc\u00eda;&nbsp; el secretario de Seguridad P\u00fablica y Participaci\u00f3n Ciudadana de Oaxaca, Iv\u00e1n Garc\u00eda \u00c1lvarez; la titular del Secretariado Ejecutivo del Sistema Estatal de Seguridad P\u00fablica, Karina Bar\u00f3n y el coordinador general de la Guardia Nacional en Oaxaca, General Lucio Vergara G\u00f3mez<\/p>\n\n\n\n<p>El Fiscal Bernardo Rodr\u00edguez Alamilla explic\u00f3 que la incidencia delictiva en los 24 municipios de Oaxaca que colindan con Puebla, se concentra en cinco municipios en t\u00e9rminos de carpetas de investigaci\u00f3n que se abren en las localidades de: Huajuapan de Le\u00f3n, Teotitl\u00e1n de Flores Mag\u00f3n, Santiago Chazumba, Tepelmeme Villa de Morelos y Santa Mar\u00eda Chilchotla en los cuales se concentran los esfuerzos interinstitucionales de los tres niveles de gobierno para atender el fen\u00f3meno delictivo.<\/p>\n\n\n\n<p>Detall\u00f3 que, en los 24 municipios colindantes, se han abierto en suma mil 970 carpetas de investigaci\u00f3n que se iniciaron en 2023, de las cuales, m\u00e1s del 70 por ciento se concentra en los cinco municipios con mayor incidencia, adem\u00e1s que los principales delitos son: violencia familiar, lesiones, amenazas, da\u00f1o a la propiedad, robo de veh\u00edculo automotor, robo a casa habitaci\u00f3n y robo a negocio.<\/p>\n\n\n\n<p>AGENDA COM\u00daN<\/p>\n\n\n\n<p>Por su parte, el Gobernador Salom\u00f3n Jara puntualiz\u00f3 que, generar una agenda com\u00fan en temas de seguridad y justicia entre Puebla y Oaxaca, permitir\u00e1 fortalecer las acciones institucionales y su impacto en favor de la paz en la zona lim\u00edtrofe, haciendo que este espacio de intercambio impulse su desarrollo y con ello se favorezca el bienestar de quienes habitan la regi\u00f3n.<\/p>\n\n\n\n<p>Mientras que el Gobernador de Puebla, Sergio Salom\u00f3n C\u00e9spedes, se\u00f1al\u00f3 que este encuentro es trascendental, porque es un reflejo del compromiso de ambos gobiernos para combatir la inseguridad y la incidencia delictiva en la zona lim\u00edtrofe, y el trabajo coordinado dar\u00e1 potencia a las acciones, especialmente con el apoyo de la Secretar\u00eda de la Defensa Nacional se lograr\u00e1 mejorar las condiciones de los trabajos en materia de seguridad que se realizan en la zona.<\/p>\n\n\n\n<p>Finalmente, la Fiscal\u00eda General del Estado de Oaxaca, Bernardo Rodr\u00edguez, puntualiz\u00f3 que, el trabajo en temas de seguridad forman parte de las estrategias de fortalecimiento de los procesos de procuraci\u00f3n de justicia, pues esta herramienta permite mejorar el alcance las labores ministeriales por medio del intercambio de informaci\u00f3n, as\u00ed como de la articulaci\u00f3n de acciones conjuntas que mejoren los resultados en favor de la ciudadan\u00eda.<\/p>\n","protected":false},"excerpt":{"rendered":"<p>Redacci\u00f3n\/Zona Roja. Oaxaca de Ju\u00e1rez, Oax., a 30 de enero de 2024.- Al participar en&hellip;<\/p>\n","protected":false},"author":2,"featured_media":64770,"comment_status":"closed","ping_status":"open","sticky":false,"template":"","format":"standard","meta":{"_lmt_disableupdate":"","_lmt_disable":"","_jetpack_memberships_contains_paid_content":false,"footnotes":""},"categories":[109,46],"tags":[494],"class_list":["post-64769","post","type-post","status-publish","format-standard","has-post-thumbnail","hentry","category-minuto-a-minuto","category-zona-blanca","tag-fiscalia-general-del-estado-de-oaxaca"],"jetpack_featured_media_url":"https:\/\/zonaroja.com.mx\/wp-content\/uploads\/2024\/01\/Fiscal-de-Oaxaca-convenio-Puebla.jpeg","jetpack_sharing_enabled":true,"_links":{"self":[{"href":"https:\/\/zonaroja.com.mx\/index.php?rest_route=\/wp\/v2\/posts\/64769","targetHints":{"allow":["GET"]}}],"collection":[{"href":"https:\/\/zonaroja.com.mx\/index.php?rest_route=\/wp\/v2\/posts"}],"about":[{"href":"https:\/\/zonaroja.com.mx\/index.php?rest_route=\/wp\/v2\/types\/post"}],"author":[{"embeddable":true,"href":"https:\/\/zonaroja.com.mx\/index.php?rest_route=\/wp\/v2\/users\/2"}],"replies":[{"embeddable":true,"href":"https:\/\/zonaroja.com.mx\/index.php?rest_route=%2Fwp%2Fv2%2Fcomments&post=64769"}],"version-history":[{"count":1,"href":"https:\/\/zonaroja.com.mx\/index.php?rest_route=\/wp\/v2\/posts\/64769\/revisions"}],"predecessor-version":[{"id":64771,"href":"https:\/\/zonaroja.com.mx\/index.php?rest_route=\/wp\/v2\/posts\/64769\/revisions\/64771"}],"wp:featuredmedia":[{"embeddable":true,"href":"https:\/\/zonaroja.com.mx\/index.php?rest_route=\/wp\/v2\/media\/64770"}],"wp:attachment":[{"href":"https:\/\/zonaroja.com.mx\/index.php?rest_route=%2Fwp%2Fv2%2Fmedia&parent=64769"}],"wp:term":[{"taxonomy":"category","embeddable":true,"href":"https:\/\/zonaroja.com.mx\/index.php?rest_route=%2Fwp%2Fv2%2Fcategories&post=64769"},{"taxonomy":"post_tag","embeddable":true,"href":"https:\/\/zonaroja.com.mx\/index.php?rest_route=%2Fwp%2Fv2%2Ftags&post=64769"}],"curies":[{"name":"wp","href":"https:\/\/api.w.org\/{rel}","templated":true}]}}