{"id":64783,"date":"2024-01-30T19:52:19","date_gmt":"2024-01-31T01:52:19","guid":{"rendered":"http:\/\/www.zonaroja.com.mx\/?p=64783"},"modified":"2024-01-30T19:52:22","modified_gmt":"2024-01-31T01:52:22","slug":"matan-a-un-comerciante-en-huatulco-y-a-otra-persona-en-pinotepa","status":"publish","type":"post","link":"https:\/\/zonaroja.com.mx\/?p=64783","title":{"rendered":"Matan a un comerciante en Huatulco y a otra persona en Pinotepa"},"content":{"rendered":"\n<p>Ismael Garc\u00eda M.\/Zona Roja.<\/p>\n\n\n\n<p>Oaxaca de Ju\u00e1rez, Oax., a 30 de enero de 2024.- Dos personas del sexo masculino fueron atacadas a balazos la tarde de este martes en La Crucecita, Santa Mar\u00eda Huatulco, una de las cuales falleci\u00f3 posteriormente en un hospital.<\/p>\n\n\n\n<p>La agresi\u00f3n armada ocurri\u00f3 aproximadamente a las 12:20 horas a un costado de la central camionera de segunda clase del destino tur\u00edstico, en contra del due\u00f1o de un local comercial y de un migrante, quienes fueron trasladados a un nosocomio.<\/p>\n\n\n\n<p>Una hora m\u00e1s tarde se confirm\u00f3 el fallecimiento del comerciante, identificado como Guillermo D. R., de 56 a\u00f1os de edad, mientras que el migrante, de quien se desconoce su identidad, result\u00f3 con lesiones leves.<\/p>\n\n\n\n<p>Pese a que fue en el centro de dicho destino tur\u00edstico de Bah\u00edas de Huatulco, no hab\u00eda polic\u00edas municipales en la zona, por lo cual el o los agresores lograron huir.<\/p>\n\n\n\n<p>Horas antes, en Santiago Pinotepa Nacional se registr\u00f3 otro ataque armado, con saldo de una persona fallecida por varios impactos de arma de fuego.<\/p>\n\n\n\n<p>El cuerpo fue localizado en la calle 13 Sur de la colonia La Planta y la v\u00edctima fue identificada como Idair Daniel V. S., de 25 a\u00f1os de edad.<\/p>\n\n\n\n<p>En este caso tampoco hab\u00eda polic\u00edas locales en la zona por lo cual tampoco hay responsables de estos hechos.<\/p>\n","protected":false},"excerpt":{"rendered":"<p>Ismael Garc\u00eda M.\/Zona Roja. Oaxaca de Ju\u00e1rez, Oax., a 30 de enero de 2024.- Dos&hellip;<\/p>\n","protected":false},"author":2,"featured_media":64784,"comment_status":"closed","ping_status":"open","sticky":false,"template":"","format":"standard","meta":{"_lmt_disableupdate":"","_lmt_disable":"","_jetpack_memberships_contains_paid_content":false,"footnotes":""},"categories":[109,51],"tags":[916,1337],"class_list":["post-64783","post","type-post","status-publish","format-standard","has-post-thumbnail","hentry","category-minuto-a-minuto","category-zona-roja","tag-pinotepa-nacional","tag-santa-maria-huatulco"],"jetpack_featured_media_url":"https:\/\/zonaroja.com.mx\/wp-content\/uploads\/2024\/01\/Asesinado-en-La-Crucecita-Huatulco.jpg","jetpack_sharing_enabled":true,"_links":{"self":[{"href":"https:\/\/zonaroja.com.mx\/index.php?rest_route=\/wp\/v2\/posts\/64783","targetHints":{"allow":["GET"]}}],"collection":[{"href":"https:\/\/zonaroja.com.mx\/index.php?rest_route=\/wp\/v2\/posts"}],"about":[{"href":"https:\/\/zonaroja.com.mx\/index.php?rest_route=\/wp\/v2\/types\/post"}],"author":[{"embeddable":true,"href":"https:\/\/zonaroja.com.mx\/index.php?rest_route=\/wp\/v2\/users\/2"}],"replies":[{"embeddable":true,"href":"https:\/\/zonaroja.com.mx\/index.php?rest_route=%2Fwp%2Fv2%2Fcomments&post=64783"}],"version-history":[{"count":1,"href":"https:\/\/zonaroja.com.mx\/index.php?rest_route=\/wp\/v2\/posts\/64783\/revisions"}],"predecessor-version":[{"id":64785,"href":"https:\/\/zonaroja.com.mx\/index.php?rest_route=\/wp\/v2\/posts\/64783\/revisions\/64785"}],"wp:featuredmedia":[{"embeddable":true,"href":"https:\/\/zonaroja.com.mx\/index.php?rest_route=\/wp\/v2\/media\/64784"}],"wp:attachment":[{"href":"https:\/\/zonaroja.com.mx\/index.php?rest_route=%2Fwp%2Fv2%2Fmedia&parent=64783"}],"wp:term":[{"taxonomy":"category","embeddable":true,"href":"https:\/\/zonaroja.com.mx\/index.php?rest_route=%2Fwp%2Fv2%2Fcategories&post=64783"},{"taxonomy":"post_tag","embeddable":true,"href":"https:\/\/zonaroja.com.mx\/index.php?rest_route=%2Fwp%2Fv2%2Ftags&post=64783"}],"curies":[{"name":"wp","href":"https:\/\/api.w.org\/{rel}","templated":true}]}}