{"id":6479,"date":"2019-12-08T15:15:59","date_gmt":"2019-12-08T21:15:59","guid":{"rendered":"http:\/\/www.zonaroja.com.mx\/?p=6479"},"modified":"2019-12-08T15:16:02","modified_gmt":"2019-12-08T21:16:02","slug":"persisten-las-amenazas-contra-emir-olivares-y-no-hay-detenidos","status":"publish","type":"post","link":"https:\/\/zonaroja.com.mx\/?p=6479","title":{"rendered":"Persisten las amenazas contra Emir Olivares y no hay detenidos"},"content":{"rendered":"\n<p>Redacci\u00f3n\/Zona Roja Cdmx.<\/p>\n\n\n\n<p>Ciudad de M\u00e9xico, 8 de diciembre de\n2019.- A m\u00e1s de 24 horas de que el domicilio del reportero de \u201cLa Jornada\u201d,\nEmir Olivares, fue allanado y un grupo desconocido asegur\u00f3 que fue contratado\npara asesinar al informador como consecuencia de un trabajo period\u00edstico sobre\nnarcomenudeo en la UNAM, las autoridades no han aprehendido a ning\u00fan\ninvolucrado en las amenazas ni se han bloqueado los mensajes intimidatorios.<\/p>\n\n\n\n<p>Este s\u00e1bado al tel\u00e9fono celular\nsiguieron llegando textos. En uno se\u00f1alaron: \u201cNo me importa el tiempo que tarde\nen llegar a usted. Pero de que lo chingo. Lo chingo he [sic]\u201d, inform\u00f3 esa\nempresa editorial.<\/p>\n\n\n\n<p>El titular de la Fiscal\u00eda Especial para\nla Atenci\u00f3n de Delitos cometidos contra la Libertad de Expresi\u00f3n (Feadle),\nRicardo S\u00e1nchez P\u00e9rez del Pozo, indic\u00f3 al periodista que el lunes se\nentrevistar\u00e1 con \u00e9l, que esperar\u00e1 a que la procuradur\u00eda capitalina concluya la\ncarpeta de investigaci\u00f3n y luego el \u00f3rgano a su cargo, dependiente de la\nFiscal\u00eda General de la Rep\u00fablica (FGR), analizar\u00e1 si el asunto se relaciona con\nla actividad period\u00edstica y se atrae el caso.<\/p>\n\n\n\n<p>Durante el viernes y ayer, por\nmensajer\u00eda instant\u00e1nea al celular del periodista llegaron muchos textos como\n\u00e9ste: \u201cCreo que usted piensa que es juego. Verdad. Yo No soy su enemigo. Eso\ngraveselo bien [sic]\u201d, detall\u00f3 \u201cLa Jornada\u201d.<\/p>\n\n\n\n<p>\u201cContesta. Contesta. Emir. No este de\ncomadre. Y mejor conteste. Mis muchachos no lo quisieron chingar mejor cerremos\nel asunto y conozca quien lo est\u00e1 poniendo [sic]. En sus manos est\u00e1 que pueda\nseguir viviendo tranquilo y sepa quien lo quiere ver mal. Yo no soy su\nenemigo\u201d, refieren los textos enviados por mensajer\u00eda instant\u00e1nea entre viernes\ny s\u00e1bado desde dos n\u00fameros telef\u00f3nicos.<\/p>\n\n\n\n<p>La casa del reportero fue allanada poco\nantes de las 12:00 horas del viernes. Al lugar acudieron polic\u00edas capitalinos,\npersonal del mecanismo de protecci\u00f3n a periodistas y defensores de derechos\nhumanos, as\u00ed como polic\u00edas federales que colaboran con el organismo de\nprotecci\u00f3n.<\/p>\n\n\n\n<p>Mientras revisaban los videos en los que\naparecen los dos sujetos que allanaron el departamento del periodista, fueron\ntestigos de la llamada en que se dijo que lo sucedido se relaciona con la\ndifusi\u00f3n de un trabajo sobre el narcomenudeo en Ciudad Universitaria.<\/p>\n\n\n\n<p>En la llamada le mencionaron haber sido\ncontratados por un mill\u00f3n de pesos para asesinarlo y que si quer\u00eda seguir con\nvida negociara un pago por el doble de lo que les hab\u00edan dado, y adem\u00e1s\nconocer\u00eda qui\u00e9n hab\u00eda dado esa orden.<\/p>\n\n\n\n<p>En uno de los \u00faltimos textos enviados\nayer, se\u00f1alan: \u201cqueremos llegar a un buen acuerdo conteste y nos arreglamos.\nQue ha pasado Emir [sic]\u201d.<\/p>\n\n\n\n<p>Las amenazas contra el reportero han\nsido del conocimiento del Ministerio P\u00fablico Federal desde junio de 2017. Por\nello se le incluy\u00f3 en el programa de protecci\u00f3n a periodistas y defensores de\nderechos humanos. El viernes nadie de la Feadle lo contact\u00f3, y el asunto qued\u00f3\nen manos de la Procuradur\u00eda General de Justicia de la Ciudad de M\u00e9xico, que\nregistr\u00f3 los n\u00fameros desde los que se enviaron los mensajes, pero la\nindagatoria se inici\u00f3 por intento de robo.<\/p>\n\n\n\n<p>(Con informaci\u00f3n de \u201cLa Jornada\u201d)<\/p>\n","protected":false},"excerpt":{"rendered":"<p>Redacci\u00f3n\/Zona Roja Cdmx. Ciudad de M\u00e9xico, 8 de diciembre de 2019.- A m\u00e1s de 24&hellip;<\/p>\n","protected":false},"author":2,"featured_media":3370,"comment_status":"closed","ping_status":"open","sticky":false,"template":"","format":"standard","meta":{"_lmt_disableupdate":"","_lmt_disable":"","_jetpack_memberships_contains_paid_content":false,"footnotes":""},"categories":[109,51],"tags":[1109],"class_list":["post-6479","post","type-post","status-publish","format-standard","has-post-thumbnail","hentry","category-minuto-a-minuto","category-zona-roja","tag-emir-olivares"],"jetpack_featured_media_url":"https:\/\/zonaroja.com.mx\/wp-content\/uploads\/2019\/08\/prensa-3-1.png","jetpack_sharing_enabled":true,"_links":{"self":[{"href":"https:\/\/zonaroja.com.mx\/index.php?rest_route=\/wp\/v2\/posts\/6479","targetHints":{"allow":["GET"]}}],"collection":[{"href":"https:\/\/zonaroja.com.mx\/index.php?rest_route=\/wp\/v2\/posts"}],"about":[{"href":"https:\/\/zonaroja.com.mx\/index.php?rest_route=\/wp\/v2\/types\/post"}],"author":[{"embeddable":true,"href":"https:\/\/zonaroja.com.mx\/index.php?rest_route=\/wp\/v2\/users\/2"}],"replies":[{"embeddable":true,"href":"https:\/\/zonaroja.com.mx\/index.php?rest_route=%2Fwp%2Fv2%2Fcomments&post=6479"}],"version-history":[{"count":1,"href":"https:\/\/zonaroja.com.mx\/index.php?rest_route=\/wp\/v2\/posts\/6479\/revisions"}],"predecessor-version":[{"id":6480,"href":"https:\/\/zonaroja.com.mx\/index.php?rest_route=\/wp\/v2\/posts\/6479\/revisions\/6480"}],"wp:featuredmedia":[{"embeddable":true,"href":"https:\/\/zonaroja.com.mx\/index.php?rest_route=\/wp\/v2\/media\/3370"}],"wp:attachment":[{"href":"https:\/\/zonaroja.com.mx\/index.php?rest_route=%2Fwp%2Fv2%2Fmedia&parent=6479"}],"wp:term":[{"taxonomy":"category","embeddable":true,"href":"https:\/\/zonaroja.com.mx\/index.php?rest_route=%2Fwp%2Fv2%2Fcategories&post=6479"},{"taxonomy":"post_tag","embeddable":true,"href":"https:\/\/zonaroja.com.mx\/index.php?rest_route=%2Fwp%2Fv2%2Ftags&post=6479"}],"curies":[{"name":"wp","href":"https:\/\/api.w.org\/{rel}","templated":true}]}}