{"id":64797,"date":"2024-01-31T09:30:00","date_gmt":"2024-01-31T15:30:00","guid":{"rendered":"http:\/\/www.zonaroja.com.mx\/?p=64797"},"modified":"2024-01-31T07:25:55","modified_gmt":"2024-01-31T13:25:55","slug":"comunidad-de-oaxaca-lleva-40-dias-sin-electricidad-sin-agua-ni-servicios","status":"publish","type":"post","link":"https:\/\/zonaroja.com.mx\/?p=64797","title":{"rendered":"Comunidad de Oaxaca lleva 40 d\u00edas sin electricidad, sin agua ni servicios"},"content":{"rendered":"\n<p>Redacci\u00f3n\/Zona Roja.<\/p>\n\n\n\n<p>Oaxaca de Ju\u00e1rez, Oax., a 31 de enero de 2024.- Cinco familias que profesan la fe evang\u00e9lica de la rancher\u00eda Cerro Caj\u00f3n, en la comunidad chinanteca San Isidro Arenal, perteneciente al municipio de San Juan Lalana, han sido privadas de electricidad, agua y suministros b\u00e1sicos durante los \u00faltimos 40 d\u00edas.&nbsp;<\/p>\n\n\n\n<p>El 14 de diciembre de 2023, los habitantes de San Isidro llevaron a cabo una asamblea y votaron por hacer vigente un acuerdo firmado el 2 de octubre de 1993 en el que prevalecen los usos y costumbres por encima de la libertad religiosa.<\/p>\n\n\n\n<p>Lo anterior limita el ejercicio ciudadano de quienes abrazan una fe distinta a la cat\u00f3lica por lo que ante esta determinaci\u00f3n, las cinco familias que se adscriben como cristianas evang\u00e9licas quedaron indefensas.<\/p>\n\n\n\n<p>En su auditorio de usos m\u00faltiples los habitantes del Arenal decidieron el mismo 14 de diciembre que a partir de ese momento se cortar\u00eda el suministro de energ\u00eda el\u00e9ctrica y agua potable para los cristianos. No podr\u00edan salir de la poblaci\u00f3n ni comprar o vender art\u00edculos esenciales de la canasta b\u00e1sica y aseo personal.<\/p>\n\n\n\n<p>El 19 de enero de este a\u00f1o, Azael Ram\u00edrez Miguel, apoderado legal de la Iglesia Cristiana Interdenominacional \u2014a la que pertenecen los creyentes\u2014 se reuni\u00f3 con autoridades estatales y se\u00f1al\u00f3 al p\u00e1rroco Miguel Miranda de San Juan Lalana y al profesor Jes\u00fas S\u00e1nchez Hern\u00e1ndez como instigadores del hostigamiento hacia las cinco familias.&nbsp;<\/p>\n\n\n\n<p>En noviembre pasado la Secretar\u00eda General de Gobierno intervino para \u201cgarantizar\u201d la libertad religiosa en esa comunidad, luego de que los creyentes fueron encarcelados y expulsados. Los habitantes no atendieron a las recomendaciones y acuerdos firmados en ese momento.&nbsp;<\/p>\n\n\n\n<p>Adem\u00e1s ante la Defensor\u00eda de los Derechos Humanos del Pueblo de Oaxaca (DDHPO) consta el expediente DDHPO\/1885\/(04)\/OAX\/2023, a\u00fan en tr\u00e1mite.<\/p>\n\n\n\n<p>(Informaci\u00f3n de Paola Flores)<\/p>\n","protected":false},"excerpt":{"rendered":"<p>Redacci\u00f3n\/Zona Roja. Oaxaca de Ju\u00e1rez, Oax., a 31 de enero de 2024.- Cinco familias que&hellip;<\/p>\n","protected":false},"author":2,"featured_media":23527,"comment_status":"closed","ping_status":"open","sticky":false,"template":"","format":"standard","meta":{"_lmt_disableupdate":"","_lmt_disable":"","_jetpack_memberships_contains_paid_content":false,"footnotes":""},"categories":[109,47],"tags":[1083],"class_list":["post-64797","post","type-post","status-publish","format-standard","has-post-thumbnail","hentry","category-minuto-a-minuto","category-zona-gris","tag-san-juan-lalana"],"jetpack_featured_media_url":"https:\/\/zonaroja.com.mx\/wp-content\/uploads\/2021\/02\/San-Juan-Lalana.jpg","jetpack_sharing_enabled":true,"_links":{"self":[{"href":"https:\/\/zonaroja.com.mx\/index.php?rest_route=\/wp\/v2\/posts\/64797","targetHints":{"allow":["GET"]}}],"collection":[{"href":"https:\/\/zonaroja.com.mx\/index.php?rest_route=\/wp\/v2\/posts"}],"about":[{"href":"https:\/\/zonaroja.com.mx\/index.php?rest_route=\/wp\/v2\/types\/post"}],"author":[{"embeddable":true,"href":"https:\/\/zonaroja.com.mx\/index.php?rest_route=\/wp\/v2\/users\/2"}],"replies":[{"embeddable":true,"href":"https:\/\/zonaroja.com.mx\/index.php?rest_route=%2Fwp%2Fv2%2Fcomments&post=64797"}],"version-history":[{"count":1,"href":"https:\/\/zonaroja.com.mx\/index.php?rest_route=\/wp\/v2\/posts\/64797\/revisions"}],"predecessor-version":[{"id":64798,"href":"https:\/\/zonaroja.com.mx\/index.php?rest_route=\/wp\/v2\/posts\/64797\/revisions\/64798"}],"wp:featuredmedia":[{"embeddable":true,"href":"https:\/\/zonaroja.com.mx\/index.php?rest_route=\/wp\/v2\/media\/23527"}],"wp:attachment":[{"href":"https:\/\/zonaroja.com.mx\/index.php?rest_route=%2Fwp%2Fv2%2Fmedia&parent=64797"}],"wp:term":[{"taxonomy":"category","embeddable":true,"href":"https:\/\/zonaroja.com.mx\/index.php?rest_route=%2Fwp%2Fv2%2Fcategories&post=64797"},{"taxonomy":"post_tag","embeddable":true,"href":"https:\/\/zonaroja.com.mx\/index.php?rest_route=%2Fwp%2Fv2%2Ftags&post=64797"}],"curies":[{"name":"wp","href":"https:\/\/api.w.org\/{rel}","templated":true}]}}