{"id":64799,"date":"2024-01-31T13:30:00","date_gmt":"2024-01-31T19:30:00","guid":{"rendered":"http:\/\/www.zonaroja.com.mx\/?p=64799"},"modified":"2024-01-31T08:19:40","modified_gmt":"2024-01-31T14:19:40","slug":"entre-145000-y-250000-menores-estan-en-riesgo-de-ser-reclutados-por-el-crimen","status":"publish","type":"post","link":"https:\/\/zonaroja.com.mx\/?p=64799","title":{"rendered":"Entre 145,000 y 250,000 menores est\u00e1n en riesgo de ser reclutados por el crimen"},"content":{"rendered":"\n<p>Redacci\u00f3n\/Zona Roja Cdmx.<\/p>\n\n\n\n<p>Ciudad de M\u00e9xico, a 31 de enero de 2024.- Los ni\u00f1os en M\u00e9xico est\u00e1n en riesgo por la ola de violencia que atraviesa el pa\u00eds. Armados para combatir la delincuencia, reclutados por el crimen organizado y v\u00edctimas de homicidio, es parte del panorama que enfrentan los menores en un pa\u00eds donde cada d\u00eda hay m\u00e1s de 80 asesinatos.<\/p>\n\n\n\n<p>La imagen de menores armados con fusiles, uniformados de verde y con rostros cubiertos, dio la vuelta al mundo. Se trata de 15 ni\u00f1os y cinco ni\u00f1as de entre 11 y 15 a\u00f1os a quienes se les asignaron tareas de vigilancia en el pueblo de Ayahualtempa, Guerrero.<\/p>\n\n\n\n<p>Esa fue una medida de la comunidad luego de las constantes amenazas de grupos criminales que operan en la regi\u00f3n, entre ellos \u201cLos Ardillos\u201d.<\/p>\n\n\n\n<p>NO ES LA PRIMERA VEZ<\/p>\n\n\n\n<p>\u00c9sta no es la primera vez que en Guerrero se involucra a ni\u00f1os en labores de vigilancia para defenderse de \u201cLos Ardillos\u201d. En enero de 2020, 19 ni\u00f1os fueron presentados como parte de la polic\u00eda comunitaria de Chilapa.<\/p>\n\n\n\n<p>De acuerdo con un an\u00e1lisis de Insight Crime , \u201cLos Ardillos\u201d se imponen como opresores despiadados en comunidades ind\u00edgenas, por lo que \u00e9stas han tenido que defenderse solas.<\/p>\n\n\n\n<p>\u201cPor m\u00e1s de 20 a\u00f1os, \u00b4Los Ardillos\u00b4 se han dedicado al narcotr\u00e1fico en las monta\u00f1as de Guerrero. Pero al reducirse el tr\u00e1fico de hero\u00edna, el grupo qued\u00f3 con una necesidad apremiante de ingresos, y quienes pagan los platos rotos son las comunidades ind\u00edgenas\u201d,refiere en su art\u00edculo \u201cLos Ardillos\u201d siguen aterrorizando a comunidades ind\u00edgenas de Guerrero, M\u00e9xico.<\/p>\n\n\n\n<p>Desde 2015, \u201cLos Ardillos\u201d han incrementado su participaci\u00f3n en econom\u00edas criminales alternas al tr\u00e1fico de drogas, entre ellas la extorsi\u00f3n y secuestro.<\/p>\n\n\n\n<p>V\u00cdCTIMAS DE VIOLENCIA<\/p>\n\n\n\n<p>Los ni\u00f1os en M\u00e9xico no se salvan de la violencia. La organizaci\u00f3n Reinserta advierte que los menores enfrentan riesgos de homicidio doloso, contacto con grupos delictivos en sus comunidades, acceso a armas en su comunidad y de ser reclutados por el crimen organizado.<\/p>\n\n\n\n<p>De acuerdo con la organizaci\u00f3n, 7 de cada 10 ni\u00f1as y adolescentes son sobrevivientes de violencia en Guerrero.<\/p>\n\n\n\n<p>La Red por los Derechos de la Infancia en M\u00e9xico (Redim) reporta que entre enero y noviembre de 2023, se registraron m\u00e1s delitos contra personas de 0 a 17 a\u00f1os respecto al mismo periodo de 2022. En 2023 se reportaron 34,971 delitos, mientras que el a\u00f1o anterior 30,704.<\/p>\n\n\n\n<p>Los delitos que mayor aumento tuvieron durante el periodo enero-noviembre fueron:<\/p>\n\n\n\n<p>-Secuestro, el cual tuvo un aumento de 62% al pasar de 50 a 81 eventos.<br>-Lesiones, las que incrementaron 14.2% al pasar de de 16,220 a 18,531.<\/p>\n\n\n\n<p>En ese mismo periodo, en M\u00e9xico se reportaron 815 ni\u00f1as, ni\u00f1os y adolescentes v\u00edctimas de homicidio doloso a nivel nacional, de los que 129 eran de sexo femenino y 686 masculino. Adem\u00e1s se registraron 68 feminicidios de entre 0 y 17 a\u00f1os.<\/p>\n\n\n\n<p>De acuerdo con datos de Redim, adem\u00e1s de los delitos de los que son v\u00edctimas los menores, entre 145,000 y 250,000 ni\u00f1as, ni\u00f1os y adolescentes , enfrentan el riesgo de ser reclutados o utilizados por el crimen organizado. En siete entidades se concentra el 55% de los ni\u00f1os en riesgo:<\/p>\n\n\n\n<p>Estado de M\u00e9xico: 9.7%.<\/p>\n\n\n\n<p>Jalisco: 8.6%.<\/p>\n\n\n\n<p>Chiapas: 8.1%.<\/p>\n\n\n\n<p>Puebla: 7.8%<\/p>\n\n\n\n<p>Guanajuato: 7.3%.<\/p>\n\n\n\n<p>Veracruz: 7.2%<\/p>\n\n\n\n<p>Michoac\u00e1n: 6.5%.<\/p>\n\n\n\n<p>El entorno familiar, la pobreza, el abandono, la falta de oportunidades, la violencia familiar y hasta la cercan\u00eda a zonas con presencia de grupos delictivos, son factores de riesgo para que los menores sean reclutados o usados por el crimen organizado.<\/p>\n\n\n\n<p>(Informaci\u00f3n de Lidia Arista en Expansi\u00f3n Pol\u00edtica)<\/p>\n","protected":false},"excerpt":{"rendered":"<p>Redacci\u00f3n\/Zona Roja Cdmx. Ciudad de M\u00e9xico, a 31 de enero de 2024.- Los ni\u00f1os en&hellip;<\/p>\n","protected":false},"author":2,"featured_media":64800,"comment_status":"closed","ping_status":"open","sticky":false,"template":"","format":"standard","meta":{"_lmt_disableupdate":"","_lmt_disable":"","_jetpack_memberships_contains_paid_content":false,"footnotes":""},"categories":[109,47],"tags":[3833],"class_list":["post-64799","post","type-post","status-publish","format-standard","has-post-thumbnail","hentry","category-minuto-a-minuto","category-zona-gris","tag-crimen-organizado-en-mexico"],"jetpack_featured_media_url":"https:\/\/zonaroja.com.mx\/wp-content\/uploads\/2024\/01\/Ninos-crimen-organizado.jpeg","jetpack_sharing_enabled":true,"_links":{"self":[{"href":"https:\/\/zonaroja.com.mx\/index.php?rest_route=\/wp\/v2\/posts\/64799","targetHints":{"allow":["GET"]}}],"collection":[{"href":"https:\/\/zonaroja.com.mx\/index.php?rest_route=\/wp\/v2\/posts"}],"about":[{"href":"https:\/\/zonaroja.com.mx\/index.php?rest_route=\/wp\/v2\/types\/post"}],"author":[{"embeddable":true,"href":"https:\/\/zonaroja.com.mx\/index.php?rest_route=\/wp\/v2\/users\/2"}],"replies":[{"embeddable":true,"href":"https:\/\/zonaroja.com.mx\/index.php?rest_route=%2Fwp%2Fv2%2Fcomments&post=64799"}],"version-history":[{"count":1,"href":"https:\/\/zonaroja.com.mx\/index.php?rest_route=\/wp\/v2\/posts\/64799\/revisions"}],"predecessor-version":[{"id":64801,"href":"https:\/\/zonaroja.com.mx\/index.php?rest_route=\/wp\/v2\/posts\/64799\/revisions\/64801"}],"wp:featuredmedia":[{"embeddable":true,"href":"https:\/\/zonaroja.com.mx\/index.php?rest_route=\/wp\/v2\/media\/64800"}],"wp:attachment":[{"href":"https:\/\/zonaroja.com.mx\/index.php?rest_route=%2Fwp%2Fv2%2Fmedia&parent=64799"}],"wp:term":[{"taxonomy":"category","embeddable":true,"href":"https:\/\/zonaroja.com.mx\/index.php?rest_route=%2Fwp%2Fv2%2Fcategories&post=64799"},{"taxonomy":"post_tag","embeddable":true,"href":"https:\/\/zonaroja.com.mx\/index.php?rest_route=%2Fwp%2Fv2%2Ftags&post=64799"}],"curies":[{"name":"wp","href":"https:\/\/api.w.org\/{rel}","templated":true}]}}