{"id":64802,"date":"2024-01-31T11:30:00","date_gmt":"2024-01-31T17:30:00","guid":{"rendered":"http:\/\/www.zonaroja.com.mx\/?p=64802"},"modified":"2024-01-31T07:56:24","modified_gmt":"2024-01-31T13:56:24","slug":"tambien-recibio-la-discriminacion-de-mi-propio-genero-agustina-victima-de-violencia","status":"publish","type":"post","link":"https:\/\/zonaroja.com.mx\/?p=64802","title":{"rendered":"\u201cTambi\u00e9n recibi\u00f3 la discriminaci\u00f3n de mi propio g\u00e9nero\u201d: Agustina, v\u00edctima de violencia"},"content":{"rendered":"\n<p>Yuridiana Sosa\/Zona Roja.<\/p>\n\n\n\n<p>Oaxaca de Ju\u00e1rez, Oax., 31 de enero de 2024.- Valiente, segura; con fuerza en su hablar pero tambi\u00e9n con una sonrisa, la profesora Agustina Jim\u00e9nez L\u00f3pez record\u00f3 la violencia pol\u00edtica por raz\u00f3n de g\u00e9nero que vivi\u00f3 en busca de la presidencia de Santa Mar\u00eda Apazco, Nochixtl\u00e1n, tras la cual no se venci\u00f3 y hoy funge como S\u00edndica Municipal.<\/p>\n\n\n\n<p>Han pasado casi nueve a\u00f1os, pero los hechos en su contra le remueven sentimientos; algo en su expresi\u00f3n lo manifiesta, pero no se quiebra, por el contrario es motivo para seguir luchando y que ninguna mujer viva lo que ella.<\/p>\n\n\n\n<p>Agustina Jim\u00e9nez habl\u00f3 de su experiencia frente a servidores p\u00fablicos durante el \u201cInforme Especial: Violencia contra las Mujeres en el Ejercicio P\u00fablico\u201d, elaborado por la DDHPO.<\/p>\n\n\n\n<p>\u201cAgustina fue violentada en todos los \u00e1mbitos institucionales hasta la m\u00ednima situaci\u00f3n en su pueblo, de donde tuvimos que salir pr\u00e1cticamente huyendo, mi familia, mis hijos, mi madre por tres a\u00f1os\u201d, destac\u00f3 la mujer.<\/p>\n\n\n\n<p>Aquellos eventos del 2015, dijo, le dieron la fortaleza que le permitieron llegar a donde hoy estoy \u201corgullosamente s\u00edndica municipal de Santa Mar\u00eda Apazco\u201d.<\/p>\n\n\n\n<p>La profesora expres\u00f3: \u201cMe considero, como muchas mujeres, una mujer resiliente, luchadora como todas\u2026las mujeres ind\u00edgenas hemos sido calladas al querer levantar la voz\u201d.<\/p>\n\n\n\n<p>Desde su experiencia se\u00f1al\u00f3 que las mujeres violentadas no s\u00f3lo son perseguidas por los hombres, tambi\u00e9n son agredidas por mujeres.<\/p>\n\n\n\n<p>\u201cNo podemos encasillar al g\u00e9nero masculino porque tambi\u00e9n recib\u00ed la mano amiga del g\u00e9nero masculino, tambi\u00e9n recib\u00ed el abrazo de los hombres que me dijeron \u2018estoy contigo\u2019.&nbsp; Tambi\u00e9n recib\u00ed la discriminaci\u00f3n de mi propio g\u00e9nero, &nbsp;tambi\u00e9n recib\u00ed en la cerraz\u00f3n de puertas cuando quise tocar\u201d, asever\u00f3 la S\u00edndica Municipal.<\/p>\n\n\n\n<p>FALTA M\u00c1S ACCI\u00d3N<\/p>\n\n\n\n<p>En el trayecto de su lucha, reconoci\u00f3 el acompa\u00f1amiento de la Defensor\u00eda de los Derechos Humanos del Pueblo de Oaxaca, pero tambi\u00e9n se\u00f1al\u00f3 las deficiencias en otras instituciones.<\/p>\n\n\n\n<p>\u201cMe sent\u00ed protegida por la defensor\u00eda, me sent\u00ed protegida por algunos amigos diputados y senadores, pero no hab\u00eda recurso econ\u00f3micos pero seguir la lucha y tuve que salir de mi pueblo, huyendo pr\u00e1cticamente con mis hijos porque recib\u00ed amenazas de muerte\u201d, record\u00f3.<\/p>\n\n\n\n<p>Hechos como estos han unido a las mujeres para alzar la voz y&nbsp; exponer sus casos en diferentes espacios, pero hace falta m\u00e1s que voluntad, pues las leyes para defenderlas, dice, no existen en la realidad, no se aplican.<\/p>\n\n\n\n<p>Como mujeres v\u00edctimas, asegur\u00f3, &nbsp;\u201cno vemos que exista una ley, no hay una ley o si lo hay que nos lo digan para poder defender nuestros derechos; una ley con la que le digamos a los magistrados, diputados, Secretar\u00eda de la Mujer, en esta ley y en este art\u00edculo de t\u00fa debes defender mis derechos, que me tuteles, que me protejas, que est\u00e9s detr\u00e1s de m\u00ed\u201d.<\/p>\n\n\n\n<p>&nbsp;\u201cSe\u00f1ores consejeros, diputadas, diputados, debemos de estar all\u00e1 donde est\u00e1n las mujeres, en nuestros pueblos, porque ah\u00ed est\u00e1 el problema y la discriminaci\u00f3n, el ataque a las mujeres\u201d, manifest\u00f3.&nbsp;<\/p>\n\n\n\n<p>En el 2015, recalc\u00f3, &nbsp;emprendi\u00f3 una lucha muy fuerte, pero estaba desprotegida en todos los \u00e1mbitos, desde el econ\u00f3mico porque no hubo un recurso para una compa\u00f1\u00eda pol\u00edtica, y despu\u00e9s tampoco para hacer visible y erradicar esa violencia.<\/p>\n\n\n\n<p>Desde su trinchera, en Santa Mar\u00eda Apazco \u2013regido por Sistemas Normativos Ind\u00edgenas- asegura que est\u00e1 haciendo lo posible para eliminar la violencia de g\u00e9nero, pues tambi\u00e9n est\u00e1 dentro de los municipios con alerta de violencia de g\u00e9nero.<\/p>\n\n\n\n<p>Sin embargo, dijo que no basta esa labor, es necesario que desde la familia se re educe a los hombres y a las mujeres.<\/p>\n\n\n\n<p>Pero Agustina Jim\u00e9nez quiere &nbsp;que la lucha en esta materia vaya m\u00e1s all\u00e1 de su municipio, por ello, de forma p\u00fablica manifest\u00f3 su inter\u00e9s para sumarse a las instituciones para erradicar la violencia de g\u00e9nero en los 417 municipios de los SNI.<\/p>\n\n\n\n<p>VIOLENCIA<\/p>\n\n\n\n<p>Agustina Jim\u00e9nez dijo que perdi\u00f3 pr\u00e1cticamente todo por querer ser presidente municipal, pero adem\u00e1s de la violencia para no llegar al cargo vivi\u00f3 otras m\u00e1s.<\/p>\n\n\n\n<p>Vivi\u00f3 la discriminaci\u00f3n de sus hermanos y hermanas que le dijeron que estaba mal en buscar ese cargo, y m\u00e1s por exponerse.<\/p>\n\n\n\n<p>Mientras que ella solo deseaba aportar su granito de arena para que el pueblo mejorara y saliera adelante.<\/p>\n\n\n\n<p>\u201cEntonces se\u00f1ores mi pregunta es, realmente lo estamos haciendo, o nada m\u00e1s estamos haciendo el papeleo y lo dejamos. Yo los invito a que lo hagamos, que vayamos al lugar de los hechos, al lugar donde est\u00e1 la violencia, el lugar donde se esconde la violencia\u201d, expres\u00f3.<\/p>\n\n\n\n<p>Pues record\u00f3 que en su caso las instituciones no verificaron los hechos y s\u00f3lo creyeron en lo que dijo el presidente municipal, por lo que las autoridades electorales solo le dijeron que no ten\u00eda la raz\u00f3n y no hab\u00eda sido v\u00edctima.<\/p>\n","protected":false},"excerpt":{"rendered":"<p>Yuridiana Sosa\/Zona Roja. Oaxaca de Ju\u00e1rez, Oax., 31 de enero de 2024.- Valiente, segura; con&hellip;<\/p>\n","protected":false},"author":2,"featured_media":64803,"comment_status":"closed","ping_status":"open","sticky":false,"template":"","format":"standard","meta":{"_lmt_disableupdate":"","_lmt_disable":"","_jetpack_memberships_contains_paid_content":false,"footnotes":""},"categories":[109,46],"tags":[3834,3835],"class_list":["post-64802","post","type-post","status-publish","format-standard","has-post-thumbnail","hentry","category-minuto-a-minuto","category-zona-blanca","tag-agustina-jimenez-lopez","tag-santa-maria-apazco"],"jetpack_featured_media_url":"https:\/\/zonaroja.com.mx\/wp-content\/uploads\/2024\/01\/Agustina-Jimenez-Lopez-Apazco.jpg","jetpack_sharing_enabled":true,"_links":{"self":[{"href":"https:\/\/zonaroja.com.mx\/index.php?rest_route=\/wp\/v2\/posts\/64802","targetHints":{"allow":["GET"]}}],"collection":[{"href":"https:\/\/zonaroja.com.mx\/index.php?rest_route=\/wp\/v2\/posts"}],"about":[{"href":"https:\/\/zonaroja.com.mx\/index.php?rest_route=\/wp\/v2\/types\/post"}],"author":[{"embeddable":true,"href":"https:\/\/zonaroja.com.mx\/index.php?rest_route=\/wp\/v2\/users\/2"}],"replies":[{"embeddable":true,"href":"https:\/\/zonaroja.com.mx\/index.php?rest_route=%2Fwp%2Fv2%2Fcomments&post=64802"}],"version-history":[{"count":1,"href":"https:\/\/zonaroja.com.mx\/index.php?rest_route=\/wp\/v2\/posts\/64802\/revisions"}],"predecessor-version":[{"id":64804,"href":"https:\/\/zonaroja.com.mx\/index.php?rest_route=\/wp\/v2\/posts\/64802\/revisions\/64804"}],"wp:featuredmedia":[{"embeddable":true,"href":"https:\/\/zonaroja.com.mx\/index.php?rest_route=\/wp\/v2\/media\/64803"}],"wp:attachment":[{"href":"https:\/\/zonaroja.com.mx\/index.php?rest_route=%2Fwp%2Fv2%2Fmedia&parent=64802"}],"wp:term":[{"taxonomy":"category","embeddable":true,"href":"https:\/\/zonaroja.com.mx\/index.php?rest_route=%2Fwp%2Fv2%2Fcategories&post=64802"},{"taxonomy":"post_tag","embeddable":true,"href":"https:\/\/zonaroja.com.mx\/index.php?rest_route=%2Fwp%2Fv2%2Ftags&post=64802"}],"curies":[{"name":"wp","href":"https:\/\/api.w.org\/{rel}","templated":true}]}}