{"id":64805,"date":"2024-01-31T08:19:09","date_gmt":"2024-01-31T14:19:09","guid":{"rendered":"http:\/\/www.zonaroja.com.mx\/?p=64805"},"modified":"2024-01-31T08:19:11","modified_gmt":"2024-01-31T14:19:11","slug":"paran-policias-de-dos-municipios-por-falta-de-pagos-y-equipo","status":"publish","type":"post","link":"https:\/\/zonaroja.com.mx\/?p=64805","title":{"rendered":"Paran polic\u00edas de dos municipios, por falta de pagos y equipo"},"content":{"rendered":"\n<p>Raymundo Morales\/Zona Roja.<\/p>\n\n\n\n<p>Oaxaca de Ju\u00e1rez, Oax., a 31 de enero de 2024.- Dos cuerpos polic\u00edacos municipales han parado labores en las \u00faltimas 24 horas en el estado de Oaxaca.<\/p>\n\n\n\n<p>Una corporaci\u00f3n de ellas es de Santiago Pinotepa Nacional, municipio de la regi\u00f3n Costa, colindante con Guerrero, y donde de manera frecuente hay homicidios dolosos.<\/p>\n\n\n\n<p>Los uniformados denunciaron que el edil, ex del PRD y ahora de Morena, Antonio Marbel Jim\u00e9nez, se ha negado a cubrir la primera y segunda quincena de enero, sin dar alguna justificaci\u00f3n al respecto, m\u00e1s que el hecho de no contar con presupuesto.<\/p>\n\n\n\n<p>Los uniformados amagaron con intensificar sus protestas este mi\u00e9rcoles, lo cual dejar\u00eda en una mayor indefensi\u00f3n a la poblaci\u00f3n coste\u00f1a, ese municipio considerado \u201cfoco rojo\u201d por la alta incidencia delictiva.<\/p>\n\n\n\n<p>Otro caso ocurri\u00f3 desde ayer en Santo Domingo Petapan, en la regi\u00f3n del Istmo de Tehuantepec, donde los polic\u00edas municipales tambi\u00e9n reclaman el pago de s quincena, as\u00ed como mejorar los equipos y herramientas de trabajo.<\/p>\n\n\n\n<p>El edil, tambi\u00e9n del Partido Morena, Manuel Guzm\u00e1n Garc\u00eda, ha justificado que no cuenta con recursos financieros y que los gestiona ante el Gobierno del Estado.<\/p>\n\n\n\n<p>No obstante, los uniformados reprocharon la falta de previsi\u00f3n y programaci\u00f3n por parte del presidente municipal, as\u00ed como el desd\u00e9n al rubro de la seguridad p\u00fablica.<\/p>\n\n\n\n<p>Tanto Santo Domingo como Santa Mar\u00eda Petapa tambi\u00e9n han sido escenario de frecuentes agresiones armadas y otros delitos, por parte grupos de la delincuencia com\u00fan y organizada.<\/p>\n","protected":false},"excerpt":{"rendered":"<p>Raymundo Morales\/Zona Roja. Oaxaca de Ju\u00e1rez, Oax., a 31 de enero de 2024.- Dos cuerpos&hellip;<\/p>\n","protected":false},"author":2,"featured_media":64806,"comment_status":"closed","ping_status":"open","sticky":false,"template":"","format":"standard","meta":{"_lmt_disableupdate":"","_lmt_disable":"","_jetpack_memberships_contains_paid_content":false,"footnotes":""},"categories":[109,47],"tags":[916],"class_list":["post-64805","post","type-post","status-publish","format-standard","has-post-thumbnail","hentry","category-minuto-a-minuto","category-zona-gris","tag-pinotepa-nacional"],"jetpack_featured_media_url":"https:\/\/zonaroja.com.mx\/wp-content\/uploads\/2024\/01\/Paro-policias-Pinotepa.png","jetpack_sharing_enabled":true,"_links":{"self":[{"href":"https:\/\/zonaroja.com.mx\/index.php?rest_route=\/wp\/v2\/posts\/64805","targetHints":{"allow":["GET"]}}],"collection":[{"href":"https:\/\/zonaroja.com.mx\/index.php?rest_route=\/wp\/v2\/posts"}],"about":[{"href":"https:\/\/zonaroja.com.mx\/index.php?rest_route=\/wp\/v2\/types\/post"}],"author":[{"embeddable":true,"href":"https:\/\/zonaroja.com.mx\/index.php?rest_route=\/wp\/v2\/users\/2"}],"replies":[{"embeddable":true,"href":"https:\/\/zonaroja.com.mx\/index.php?rest_route=%2Fwp%2Fv2%2Fcomments&post=64805"}],"version-history":[{"count":1,"href":"https:\/\/zonaroja.com.mx\/index.php?rest_route=\/wp\/v2\/posts\/64805\/revisions"}],"predecessor-version":[{"id":64807,"href":"https:\/\/zonaroja.com.mx\/index.php?rest_route=\/wp\/v2\/posts\/64805\/revisions\/64807"}],"wp:featuredmedia":[{"embeddable":true,"href":"https:\/\/zonaroja.com.mx\/index.php?rest_route=\/wp\/v2\/media\/64806"}],"wp:attachment":[{"href":"https:\/\/zonaroja.com.mx\/index.php?rest_route=%2Fwp%2Fv2%2Fmedia&parent=64805"}],"wp:term":[{"taxonomy":"category","embeddable":true,"href":"https:\/\/zonaroja.com.mx\/index.php?rest_route=%2Fwp%2Fv2%2Fcategories&post=64805"},{"taxonomy":"post_tag","embeddable":true,"href":"https:\/\/zonaroja.com.mx\/index.php?rest_route=%2Fwp%2Fv2%2Ftags&post=64805"}],"curies":[{"name":"wp","href":"https:\/\/api.w.org\/{rel}","templated":true}]}}