{"id":6481,"date":"2019-12-08T19:16:18","date_gmt":"2019-12-09T01:16:18","guid":{"rendered":"http:\/\/www.zonaroja.com.mx\/?p=6481"},"modified":"2019-12-08T19:16:21","modified_gmt":"2019-12-09T01:16:21","slug":"consolidan-relacion-mc-y-gobierno-municipal-de-tuxtepec-emanado-de-nueva-alianza","status":"publish","type":"post","link":"https:\/\/zonaroja.com.mx\/?p=6481","title":{"rendered":"Consolidan relaci\u00f3n MC y gobierno municipal de Tuxtepec, emanado de Nueva Alianza"},"content":{"rendered":"\n<p>Yuri Sosa\/El Muro.<\/p>\n\n\n\n<p>Foto. Cortes\u00eda<\/p>\n\n\n\n<p>San Juan Bautista Tuxtepec, Oax., 8 de\ndiciembre de 2019.- El proyecto pol\u00edtico de las autoridades locales de\nTuxtepec, con rumbo al pr\u00f3ximo proceso electoral local y federal, se pint\u00f3\noficialmente de naranja, con el nombramiento del director del Instituto Municipal\nde la Vivienda, Marcos Hern\u00e1ndez Bravo, como delegado nacional en Oaxaca de\nMovimiento Ciudadano (MC).<\/p>\n\n\n\n<p>Este jueves, el funcionario municipal recibi\u00f3\nel cargo pol\u00edtico a trav\u00e9s de una votaci\u00f3n un\u00e1nime de los integrantes de la\nCoordinadora Ciudadana Nacional del partido fundado por Dante Delgado, con\nquien pos\u00f3 para una fotograf\u00eda durante la actividad.<\/p>\n\n\n\n<p>Marcos Bravo tiene nuevamente la tarea de\nla organizaci\u00f3n pol\u00edtica para allanar el camino a las pr\u00f3ximas elecciones, pues\nen 2017 tambi\u00e9n sirvi\u00f3 a las autoridades locales como Coordinador Municipal del\nPartido del Trabajo (PT).<\/p>\n\n\n\n<p>El director del Instituto Municipal de la\nVivienda fungi\u00f3 como representante local del PT al tiempo que tambi\u00e9n era presidente\nde la Fundaci\u00f3n Humanitaria de la Cuenca del Papaloapan (Fhucup), fundada por\nFernando Bautista D\u00e1vila, de quien adem\u00e1s era suplente durante el bienio\n2017-2018.<\/p>\n\n\n\n<p>Tras las diferencias pol\u00edticas,\nHern\u00e1ndez Bravo y Bautista D\u00e1vila abandonaron el proyecto de Morena para la\njornada electoral del 2018, por lo que se lanzaron como candidatos por Nueva\nAlianza. <\/p>\n\n\n\n<p>Marcos Bravo como candidato a la\ndiputaci\u00f3n local, a la sombra del edil, quien s\u00ed logr\u00f3 la reelecci\u00f3n y que\nahora buscar\u00e1 otro cargo pol\u00edtico por MC.<\/p>\n\n\n\n<p>En el caso de Bautista D\u00e1vila, acumular\u00eda\nen su carrera pol\u00edtica un quinto partido pol\u00edtico, entre los que se encuentran\nel PRI, PAN, PT y Panal.&nbsp;&nbsp;&nbsp;&nbsp;<\/p>\n","protected":false},"excerpt":{"rendered":"<p>Yuri Sosa\/El Muro. Foto. Cortes\u00eda San Juan Bautista Tuxtepec, Oax., 8 de diciembre de 2019.-&hellip;<\/p>\n","protected":false},"author":2,"featured_media":6482,"comment_status":"closed","ping_status":"open","sticky":false,"template":"","format":"standard","meta":{"_lmt_disableupdate":"","_lmt_disable":"","_jetpack_memberships_contains_paid_content":false,"footnotes":""},"categories":[109,47],"tags":[],"class_list":["post-6481","post","type-post","status-publish","format-standard","has-post-thumbnail","hentry","category-minuto-a-minuto","category-zona-gris"],"jetpack_featured_media_url":"https:\/\/zonaroja.com.mx\/wp-content\/uploads\/2019\/12\/MC-Tuxtepec.jpg","jetpack_sharing_enabled":true,"_links":{"self":[{"href":"https:\/\/zonaroja.com.mx\/index.php?rest_route=\/wp\/v2\/posts\/6481","targetHints":{"allow":["GET"]}}],"collection":[{"href":"https:\/\/zonaroja.com.mx\/index.php?rest_route=\/wp\/v2\/posts"}],"about":[{"href":"https:\/\/zonaroja.com.mx\/index.php?rest_route=\/wp\/v2\/types\/post"}],"author":[{"embeddable":true,"href":"https:\/\/zonaroja.com.mx\/index.php?rest_route=\/wp\/v2\/users\/2"}],"replies":[{"embeddable":true,"href":"https:\/\/zonaroja.com.mx\/index.php?rest_route=%2Fwp%2Fv2%2Fcomments&post=6481"}],"version-history":[{"count":1,"href":"https:\/\/zonaroja.com.mx\/index.php?rest_route=\/wp\/v2\/posts\/6481\/revisions"}],"predecessor-version":[{"id":6483,"href":"https:\/\/zonaroja.com.mx\/index.php?rest_route=\/wp\/v2\/posts\/6481\/revisions\/6483"}],"wp:featuredmedia":[{"embeddable":true,"href":"https:\/\/zonaroja.com.mx\/index.php?rest_route=\/wp\/v2\/media\/6482"}],"wp:attachment":[{"href":"https:\/\/zonaroja.com.mx\/index.php?rest_route=%2Fwp%2Fv2%2Fmedia&parent=6481"}],"wp:term":[{"taxonomy":"category","embeddable":true,"href":"https:\/\/zonaroja.com.mx\/index.php?rest_route=%2Fwp%2Fv2%2Fcategories&post=6481"},{"taxonomy":"post_tag","embeddable":true,"href":"https:\/\/zonaroja.com.mx\/index.php?rest_route=%2Fwp%2Fv2%2Ftags&post=6481"}],"curies":[{"name":"wp","href":"https:\/\/api.w.org\/{rel}","templated":true}]}}