{"id":64818,"date":"2024-01-31T19:00:59","date_gmt":"2024-02-01T01:00:59","guid":{"rendered":"http:\/\/www.zonaroja.com.mx\/?p=64818"},"modified":"2024-01-31T19:01:02","modified_gmt":"2024-02-01T01:01:02","slug":"benitez-si-no-puedes-aceptamos-tu-renuncia-de-inmediato-colonos-a-soapa","status":"publish","type":"post","link":"https:\/\/zonaroja.com.mx\/?p=64818","title":{"rendered":"\u201cBen\u00edtez, si no puedes, aceptamos tu renuncia de inmediato\u201d: colonos a SOAPA"},"content":{"rendered":"\n<p>Yuridiana Sosa\/Zona Roja.<\/p>\n\n\n\n<p>Oaxaca de Ju\u00e1rez, Oax., 31 de enero de 2024.- Las desatenciones del Sistema Operador de los Servicios&nbsp; de Agua Potable y Alcantarillado (SOAPA) para el abasto del vital l\u00edquido en la capital derivaron en otra protesta y bloqueo para exigir el suministro.<\/p>\n\n\n\n<p>Habitantes de la colonia El Arenal, agencia de San Mart\u00edn Mexic\u00e1pam, bloquearon la calle de Crespo, en inmediaciones a las oficinas de la dependencia para exigir al titular, Omar P\u00e9rez Ben\u00edtez, cumpla con el servicio, del cual carecen desde hace dos meses.<\/p>\n\n\n\n<p>Los habitantes, quienes fueron respaldados por el Colectivo de Organizaciones Ambientalistas de Oaxaca (COAO), se\u00f1alaron que la dependencia ya no les recibe sus quejas, ni llamadas pese a la crisis por el vital l\u00edquido.<\/p>\n\n\n\n<p>SOAPA, agregaron, los ha enga\u00f1ado en diversas ocasiones en este tiempo, al indicarles que ser\u00e1n atendidos en pr\u00f3ximos d\u00edas, pero nunca cumplen.<\/p>\n\n\n\n<p>\u201cBen\u00edtez, si no puedes, aceptamos tu renuncia de inmediato\u201d, \u201cSoapa necesita gente emp\u00e1tica. No in\u00fatiles, omisos\u201d, manifestaron por medio de cartulinas.<\/p>\n\n\n\n<p>As\u00ed tambi\u00e9n, con evidente enojo, los vecinos de esa agencia de la capital reclamaron que desde hace tres a\u00f1os han solicitado a la dependencia una obra para la reposici\u00f3n del drenaje sanitario, el cual se encuentra obsoleto, pero tambi\u00e9n son ignorados en esta demanda.<\/p>\n\n\n\n<p>OTRAS PROTESTAS<\/p>\n\n\n\n<p>Por otra parte, la Secci\u00f3n 22 del Sindicato Nacional de Trabajadores de la Educaci\u00f3n (SNTE) se manifest\u00f3 con un bloqueo en la regi\u00f3n de la Costa para exigir al gobierno estatal y federal &nbsp;la compra de un terreno y la construcci\u00f3n de una cl\u00ednica de especialidades del ISSSTE.<\/p>\n\n\n\n<p>Como parte de sus acuerdos sindicales, la delegaci\u00f3n Costa de la gremial, se concentr\u00f3 en el crucero del aeropuerto internacional de Puerto Escondido.<\/p>\n\n\n\n<p>Durante su protesta dieron paso a veh\u00edculos particulares y transporte local, sin embargo, negaron la circulaci\u00f3n a camiones de empresas transnacionales.<\/p>\n\n\n\n<p>Mientras tanto en la regi\u00f3n del Istmo de Tehuantepec se registr\u00f3 un bloqueo sobre carretera trans\u00edstmica, frente al Hospital Materno Infantil en Santo Domingo Tehuantepec, por parte de trabajadores de mototaxis.<\/p>\n\n\n\n<p>La inconformidad es contra una constructora que introduce el drenaje como parte de una obra federal, pues reclaman que a\u00fan no terminan trabajos en otra zona y van a abrir el pavimento en otra calle, lo que afecta y dificulta el tr\u00e1nsito del transporte local.<\/p>\n\n\n\n<p>En tanto, en la capital del estado, la base trabajadora de la Direcci\u00f3n del Registro Civil se manifest\u00f3 contra la directora, Dulce Bel\u00e9n Uribe Mendoza, quien propone que sea su esposo quien tome el cargo.<\/p>\n\n\n\n<p>Los trabajadores se pronunciaron contra el uso de esa dependencia como \u201ctrampol\u00edn pol\u00edtico\u201d, pues Uribe Mendoza renunci\u00f3 en busca de otro cargo en las elecciones de este a\u00f1o.<\/p>\n\n\n\n<p>Sin embargo, como directora nunca visit\u00f3 las diferentes \u00e1reas del Registro Civil ni solvent\u00f3 las necesidades b\u00e1sicas de insumos para trabajar.<\/p>\n\n\n\n<p>\u201cLos puestos pol\u00edticos no se heredan\u201d, reclaman los trabajadores adheridos al Sindicato de Trabajadores de los Poderes del Estado e Instituciones Descentralizadas de Car\u00e1cter Estatal de Oaxaca.<\/p>\n","protected":false},"excerpt":{"rendered":"<p>Yuridiana Sosa\/Zona Roja. Oaxaca de Ju\u00e1rez, Oax., 31 de enero de 2024.- Las desatenciones del&hellip;<\/p>\n","protected":false},"author":2,"featured_media":64819,"comment_status":"closed","ping_status":"open","sticky":false,"template":"","format":"standard","meta":{"_lmt_disableupdate":"","_lmt_disable":"","_jetpack_memberships_contains_paid_content":false,"footnotes":""},"categories":[109,47],"tags":[2254,3744],"class_list":["post-64818","post","type-post","status-publish","format-standard","has-post-thumbnail","hentry","category-minuto-a-minuto","category-zona-gris","tag-protestas-y-bloqueos-oaxaca","tag-soapa"],"jetpack_featured_media_url":"https:\/\/zonaroja.com.mx\/wp-content\/uploads\/2024\/01\/Protesta-SOAPA-renuncia-director-Omar-Benitez.jpg","jetpack_sharing_enabled":true,"_links":{"self":[{"href":"https:\/\/zonaroja.com.mx\/index.php?rest_route=\/wp\/v2\/posts\/64818","targetHints":{"allow":["GET"]}}],"collection":[{"href":"https:\/\/zonaroja.com.mx\/index.php?rest_route=\/wp\/v2\/posts"}],"about":[{"href":"https:\/\/zonaroja.com.mx\/index.php?rest_route=\/wp\/v2\/types\/post"}],"author":[{"embeddable":true,"href":"https:\/\/zonaroja.com.mx\/index.php?rest_route=\/wp\/v2\/users\/2"}],"replies":[{"embeddable":true,"href":"https:\/\/zonaroja.com.mx\/index.php?rest_route=%2Fwp%2Fv2%2Fcomments&post=64818"}],"version-history":[{"count":1,"href":"https:\/\/zonaroja.com.mx\/index.php?rest_route=\/wp\/v2\/posts\/64818\/revisions"}],"predecessor-version":[{"id":64820,"href":"https:\/\/zonaroja.com.mx\/index.php?rest_route=\/wp\/v2\/posts\/64818\/revisions\/64820"}],"wp:featuredmedia":[{"embeddable":true,"href":"https:\/\/zonaroja.com.mx\/index.php?rest_route=\/wp\/v2\/media\/64819"}],"wp:attachment":[{"href":"https:\/\/zonaroja.com.mx\/index.php?rest_route=%2Fwp%2Fv2%2Fmedia&parent=64818"}],"wp:term":[{"taxonomy":"category","embeddable":true,"href":"https:\/\/zonaroja.com.mx\/index.php?rest_route=%2Fwp%2Fv2%2Fcategories&post=64818"},{"taxonomy":"post_tag","embeddable":true,"href":"https:\/\/zonaroja.com.mx\/index.php?rest_route=%2Fwp%2Fv2%2Ftags&post=64818"}],"curies":[{"name":"wp","href":"https:\/\/api.w.org\/{rel}","templated":true}]}}