{"id":64821,"date":"2024-01-31T20:46:57","date_gmt":"2024-02-01T02:46:57","guid":{"rendered":"http:\/\/www.zonaroja.com.mx\/?p=64821"},"modified":"2024-01-31T20:46:58","modified_gmt":"2024-02-01T02:46:58","slug":"aprueba-congreso-con-aumento-monto-para-refinanciar-deuda-publica-de-oaxaca","status":"publish","type":"post","link":"https:\/\/zonaroja.com.mx\/?p=64821","title":{"rendered":"Aprueba Congreso con aumento, monto para refinanciar deuda p\u00fablica de Oaxaca"},"content":{"rendered":"\n<p>Yuridiana Sosa\/Zona Roja.<\/p>\n\n\n\n<p>Oaxaca de Ju\u00e1rez, Oax., a 31 de enero de 2024.- Con 37 votos a favor y ninguno en contra, la 65 legislatura del Congreso de Oaxaca aprob\u00f3 hoy el decreto que autoriza al Ejecutivo la contrataci\u00f3n de un cr\u00e9dito para el refinanciamiento de las deudas de sexenios pasados, por un monto de 16 mil 408 millones 712 mil 640.96 pesos.<\/p>\n\n\n\n<p>El monto aprobado es superior, por m\u00e1s de 700 mil pesos, a la cantidad solicitada por el gobernador Salom\u00f3n Jara Cruz al Congreso de Oaxaca a inicios de enero, en la que cita un monto de 16 mil 408 millones 640.96 pesos.<\/p>\n\n\n\n<p>As\u00ed tambi\u00e9n se autoriz\u00f3 la contrataci\u00f3n de monto adicional al establecido por la cantidad de hasta 503 millones 46 mil 500.44 pesos; el cual qued\u00f3 igual a la solicitud.<\/p>\n\n\n\n<p>Tambi\u00e9n se autoriz\u00f3 la contrataci\u00f3n de un monto adicional a los previamente autorizados en este Art\u00edculo Primero, hasta por la cantidad equivalente al 0.15 por ciento \u00a0del monto de los financiamientos que se celebren, en su caso, para cubrir los gastos y costos relacionados con la contrataci\u00f3n.<\/p>\n\n\n\n<p>Pese a supuestos argumentos de duda, las fracciones parlamentarias de oposici\u00f3n, como el PRI, PRD y PAN, votaron a favor del proyecto de decreto y no mostraron ning\u00fan rechazo.<\/p>\n\n\n\n<p>Tras la aprobaci\u00f3n de  la solicitud, el presidente de la Junta de Coordinaci\u00f3n Pol\u00edtica (Jucopo), Sergio L\u00f3pez,\u00a0se\u00f1al\u00f3 que los legisladores se encontraban en an\u00e1lisis del cr\u00e9dito, el cual neg\u00f3 que se trate de una nueva deuda p\u00fablica para los oaxaque\u00f1os.<\/p>\n\n\n\n<p>De acuerdo a la justificaci\u00f3n de lo aprobado en sesi\u00f3n extraordinaria, el dinero ser\u00e1 destinado al refinanciamiento y\/o reestructura de parte de los cr\u00e9ditos que integran la deuda p\u00fablica de largo plazo a cargo del estado.<\/p>\n\n\n\n<p>As\u00ed como para la contrataci\u00f3n de instrumentos derivados para reducir el riesgo de tasas de inter\u00e9s de la deuda p\u00fablica estatal, la contrataci\u00f3n de garant\u00edas de pago oportuno para asociarlas a los financiamientos contratados, as\u00ed como la afectaci\u00f3n como fuente de pago de los financiamientos, instrumentos derivados y\/o garant\u00edas de pago oportuno que se celebren al amparo del presente decreto, de un porcentaje de las participaciones que en ingresos federales corresponden al estado del fondo general de participaciones y\/o del fondo de aportaciones para el fortalecimiento de las entidades federativas.<\/p>\n\n\n\n<p>Los financiamientos podr\u00e1n instrumentarse a trav\u00e9s de uno o varios contratos de cr\u00e9dito, hasta por un plazo de 30 a\u00f1os. &nbsp;<\/p>\n\n\n\n<p>Mientras que el presente Decreto permanecer\u00e1 vigente hasta el 31 de diciembre de 2025, por lo que la contrataci\u00f3n de financiamientos, reestructuras, garant\u00edas de pago oportuno, instrumentos derivados y cualquier otra operaci\u00f3n autorizada en el presente Decreto que no se realicen durante el ejercicio fiscal 2024, podr\u00e1n celebrarse en el ejercicio fiscal 2025.&nbsp;<\/p>\n","protected":false},"excerpt":{"rendered":"<p>Yuridiana Sosa\/Zona Roja. Oaxaca de Ju\u00e1rez, Oax., a 31 de enero de 2024.- Con 37&hellip;<\/p>\n","protected":false},"author":2,"featured_media":64822,"comment_status":"closed","ping_status":"open","sticky":false,"template":"","format":"standard","meta":{"_lmt_disableupdate":"","_lmt_disable":"","_jetpack_memberships_contains_paid_content":false,"footnotes":""},"categories":[109,46],"tags":[2743],"class_list":["post-64821","post","type-post","status-publish","format-standard","has-post-thumbnail","hentry","category-minuto-a-minuto","category-zona-blanca","tag-65-legislatura-del-estado-de-oaxaca"],"jetpack_featured_media_url":"https:\/\/zonaroja.com.mx\/wp-content\/uploads\/2024\/01\/Sesion-del-Congreso-del-Estado-.jpg","jetpack_sharing_enabled":true,"_links":{"self":[{"href":"https:\/\/zonaroja.com.mx\/index.php?rest_route=\/wp\/v2\/posts\/64821","targetHints":{"allow":["GET"]}}],"collection":[{"href":"https:\/\/zonaroja.com.mx\/index.php?rest_route=\/wp\/v2\/posts"}],"about":[{"href":"https:\/\/zonaroja.com.mx\/index.php?rest_route=\/wp\/v2\/types\/post"}],"author":[{"embeddable":true,"href":"https:\/\/zonaroja.com.mx\/index.php?rest_route=\/wp\/v2\/users\/2"}],"replies":[{"embeddable":true,"href":"https:\/\/zonaroja.com.mx\/index.php?rest_route=%2Fwp%2Fv2%2Fcomments&post=64821"}],"version-history":[{"count":1,"href":"https:\/\/zonaroja.com.mx\/index.php?rest_route=\/wp\/v2\/posts\/64821\/revisions"}],"predecessor-version":[{"id":64823,"href":"https:\/\/zonaroja.com.mx\/index.php?rest_route=\/wp\/v2\/posts\/64821\/revisions\/64823"}],"wp:featuredmedia":[{"embeddable":true,"href":"https:\/\/zonaroja.com.mx\/index.php?rest_route=\/wp\/v2\/media\/64822"}],"wp:attachment":[{"href":"https:\/\/zonaroja.com.mx\/index.php?rest_route=%2Fwp%2Fv2%2Fmedia&parent=64821"}],"wp:term":[{"taxonomy":"category","embeddable":true,"href":"https:\/\/zonaroja.com.mx\/index.php?rest_route=%2Fwp%2Fv2%2Fcategories&post=64821"},{"taxonomy":"post_tag","embeddable":true,"href":"https:\/\/zonaroja.com.mx\/index.php?rest_route=%2Fwp%2Fv2%2Ftags&post=64821"}],"curies":[{"name":"wp","href":"https:\/\/api.w.org\/{rel}","templated":true}]}}