{"id":64824,"date":"2024-01-31T21:38:06","date_gmt":"2024-02-01T03:38:06","guid":{"rendered":"http:\/\/www.zonaroja.com.mx\/?p=64824"},"modified":"2024-01-31T21:38:09","modified_gmt":"2024-02-01T03:38:09","slug":"opinion-mercado-de-abasto-el-desastre","status":"publish","type":"post","link":"https:\/\/zonaroja.com.mx\/?p=64824","title":{"rendered":"Opini\u00f3n. Mercado de Abasto: el desastre"},"content":{"rendered":"\n<p>N\u00e9stor Y. S\u00e1nchez Islas.<\/p>\n\n\n\n<p>Oaxaca es una tierra que no se caracteriza&nbsp;precisamente&nbsp;vivir dentro&nbsp;del estado de derecho. El Mercado de Abasto&nbsp;es un ejemplo de ello y&nbsp;es, adem\u00e1s, el desastre del desastre de ciudad que tenemos.<\/p>\n\n\n\n<p>Al tradicional riesgo de ser asaltado en esa zona refugio de toda clase de vicios hay que sumar la ineptitud del ayuntamiento, del gobierno del estado y del federal. Los tres son responsables de esa bomba de tiempo.<\/p>\n\n\n\n<p>El ayuntamiento no puede con ese desastre, solo se dedica a mal administrarlo. En ese sitio confluyen demasiados intereses como para que una instituci\u00f3n que se hace la valiente frente al ciudadano com\u00fan pero que resulta tan d\u00e9bil frente a grupos e intereses facciosos no tiene ni el deseo, ni la capacidad y menos el&nbsp;poder&nbsp;para ordenarlo.<\/p>\n\n\n\n<p>Desde el gobierno estatal tampoco deben desentenderse, mucho menos porque son herederos y continuadores de lo que fue el sexenio de Gabino Cu\u00e9. El proyecto del City Bus se convirti\u00f3 en uno de los fraudes m\u00e1s descarados que se han cometido. La millonaria obra&nbsp;y sus paradores, de espantoso dise\u00f1o arquitect\u00f3nico&nbsp;quedaron&nbsp;como un refugio de vagos, drogadictos y migrantes. Se pretendi\u00f3 un proyecto de vanguardia y solo qued\u00f3 en un desperdicio de dinero.<\/p>\n\n\n\n<p>El gobierno federal a trav\u00e9s de la Secretar\u00eda de Desarrollo Agrario, Territorial y Urbano, dirigida por Rom\u00e1n Meyer Falc\u00f3n, decidi\u00f3 hacer una remodelaci\u00f3n de una peque\u00f1a parte del mercado, la que menos lo necesitaba y en la que tienen sus expendios algunos poderosos empresarios que podr\u00edan tener los recursos propios para construirse sus locales.<\/p>\n\n\n\n<p>Se anunci\u00f3 con bombo y platillo y se prometi\u00f3 concluirlo en un a\u00f1o. La obra inici\u00f3 en enero de 2023 y, a la fecha de hoy, apenas llega al 30% de avance.&nbsp;Este desastre tiene varios padres: l\u00edderes de comerciantes, sindicatos, crimen organizado y la mala planeaci\u00f3n desde el gobierno.<\/p>\n\n\n\n<p>Este proyecto mal ejecutado ha provocado una crisis social en la zona. La inconformidad es notoria y la molestia a\u00fan m\u00e1s por el impacto econ\u00f3mico que ha tenido, por la dilaci\u00f3n de las obras, por la aparici\u00f3n de l\u00edderes oportunistas que, en nombre de los mercaderes obtienen dinero para no movilizarse y protestar, por la incomodidad provocada por la&nbsp;construcci\u00f3n, la enorme cantidad polvo y por las condiciones en que est\u00e1n quienes no pudieron, como la empresa chocolatera m\u00e1s grande Oaxaca, construirse un buen edificio. Ellos est\u00e1n expuestos al sol, no hay agua y&nbsp;tampoco sanitarios. Es una zona de alto riesgo para la salud.&nbsp;La inconformidad es real y temen un incendio que arrase las casetas de l\u00e1mina y madera que, de forma provisional se levantaron para albergar a los comerciantes desalojados por la remodelaci\u00f3n.<\/p>\n\n\n\n<p>El crimen organizado est\u00e1 presente desde hace mucho y no solo a trav\u00e9s de la venta de droga sino a trav\u00e9s de sus brazos pol\u00edticos y sociales, como lo son los sindicatos, los transportistas y los ambulantes.&nbsp;Esa zona es una parte de la ciudad que el Estado&nbsp;no controla, por omisi\u00f3n o complicidad, pero que junto a otras colonias y zonas conurbadas son territorios de las mafias.<\/p>\n\n\n\n<p>Adem\u00e1s del peso econ\u00f3mico del mercado, esa zona&nbsp;tiene una importante funci\u00f3n en la creaci\u00f3n cotidiana de nuestra cultura, misma que como mercanc\u00eda, se ofrecer\u00e1 a los turistas con la&nbsp;mal planeada remodelaci\u00f3n en curso. &nbsp;Ese es uno de los fines, convertir el mercado en atractivo tur\u00edstico, lo que tiene sus cosas positivas, pero tambi\u00e9n otras muy negativas, como ser\u00e1 la gentrificaci\u00f3n y gourmetizaci\u00f3n de toda esa zona, igual que el centro hist\u00f3rico.<\/p>\n\n\n\n<p>JUSTICIA DE BARRIO<\/p>\n\n\n\n<p>Gracias a la invitaci\u00f3n del Dr. Mart\u00edn&nbsp;V\u00e1squezVillanueva tuve la oportunidad de escuchar la magn\u00edfica conferencia&nbsp;\u201cJusticia de barrio: una mirada al conflicto desde el ras de tierra\u201d,&nbsp;impartida por la Dra. Ana Laura&nbsp;Magaloni, una de las acad\u00e9micas m\u00e1s prestigiadas de este pa\u00eds.<\/p>\n\n\n\n<p>El tema es de gran trascendencia porque se trata de&nbsp;algo que pedimos todos los d\u00edas: justicia. Misma que el propio sistema actual hace inaccesible al grueso de la poblaci\u00f3n y termina siendo lo que ya conocemos: solo hay justicia para quien tiene los recursos para contratar abogados,&nbsp;entablar demandas&nbsp;y aguantar a\u00f1os de dilaci\u00f3n&nbsp;en el intrincado sistema de justicia mexicano.<\/p>\n\n\n\n<p>Su investigaci\u00f3n parte de buscar la forma en que los mexicanos nos peleamos y, partiendo de ah\u00ed y de una forma m\u00e1s inductiva que deductiva, propone soluciones&nbsp;que podr\u00edan dar acceso a la justicia a quienes dif\u00edcilmente acudir\u00edan a un ministerio p\u00fablico en busca de ayuda. Se trata de&nbsp;corregir muchos vicios que inician desde la impartici\u00f3n de la justicia en el \u00e1mbito de lo local, que es en donde m\u00e1s carencias se tienen en&nbsp;materia de justicia en&nbsp;M\u00e9xico.<\/p>\n\n\n\n<p>Lo que ella propone es una transformaci\u00f3n del sistema de justicia en favor&nbsp;de la gente que vive a ras de tierra, poner la mirada&nbsp;y atenci\u00f3n&nbsp;en los barrios,&nbsp;zonas conflictivas y hacinadas en las que la presencia del Estado es casi nula&nbsp;y en donde muchas veces lo que funciona&nbsp;solo es la ley de la selva.<\/p>\n\n\n\n<p>nestoryuri@yahoo.com<\/p>\n","protected":false},"excerpt":{"rendered":"<p>N\u00e9stor Y. S\u00e1nchez Islas. Oaxaca es una tierra que no se caracteriza&nbsp;precisamente&nbsp;vivir dentro&nbsp;del estado de&hellip;<\/p>\n","protected":false},"author":2,"featured_media":41861,"comment_status":"closed","ping_status":"open","sticky":false,"template":"","format":"standard","meta":{"_lmt_disableupdate":"","_lmt_disable":"","_jetpack_memberships_contains_paid_content":false,"footnotes":""},"categories":[456,109],"tags":[3050],"class_list":["post-64824","post","type-post","status-publish","format-standard","has-post-thumbnail","hentry","category-columna","category-minuto-a-minuto","tag-nestor-yuri-sanchez"],"jetpack_featured_media_url":"https:\/\/zonaroja.com.mx\/wp-content\/uploads\/2022\/05\/Opinion-Nestor-Yuri-Sanchez-Islas.jpg","jetpack_sharing_enabled":true,"_links":{"self":[{"href":"https:\/\/zonaroja.com.mx\/index.php?rest_route=\/wp\/v2\/posts\/64824","targetHints":{"allow":["GET"]}}],"collection":[{"href":"https:\/\/zonaroja.com.mx\/index.php?rest_route=\/wp\/v2\/posts"}],"about":[{"href":"https:\/\/zonaroja.com.mx\/index.php?rest_route=\/wp\/v2\/types\/post"}],"author":[{"embeddable":true,"href":"https:\/\/zonaroja.com.mx\/index.php?rest_route=\/wp\/v2\/users\/2"}],"replies":[{"embeddable":true,"href":"https:\/\/zonaroja.com.mx\/index.php?rest_route=%2Fwp%2Fv2%2Fcomments&post=64824"}],"version-history":[{"count":1,"href":"https:\/\/zonaroja.com.mx\/index.php?rest_route=\/wp\/v2\/posts\/64824\/revisions"}],"predecessor-version":[{"id":64825,"href":"https:\/\/zonaroja.com.mx\/index.php?rest_route=\/wp\/v2\/posts\/64824\/revisions\/64825"}],"wp:featuredmedia":[{"embeddable":true,"href":"https:\/\/zonaroja.com.mx\/index.php?rest_route=\/wp\/v2\/media\/41861"}],"wp:attachment":[{"href":"https:\/\/zonaroja.com.mx\/index.php?rest_route=%2Fwp%2Fv2%2Fmedia&parent=64824"}],"wp:term":[{"taxonomy":"category","embeddable":true,"href":"https:\/\/zonaroja.com.mx\/index.php?rest_route=%2Fwp%2Fv2%2Fcategories&post=64824"},{"taxonomy":"post_tag","embeddable":true,"href":"https:\/\/zonaroja.com.mx\/index.php?rest_route=%2Fwp%2Fv2%2Ftags&post=64824"}],"curies":[{"name":"wp","href":"https:\/\/api.w.org\/{rel}","templated":true}]}}