{"id":64838,"date":"2024-02-01T08:30:00","date_gmt":"2024-02-01T14:30:00","guid":{"rendered":"http:\/\/www.zonaroja.com.mx\/?p=64838"},"modified":"2024-02-01T07:10:17","modified_gmt":"2024-02-01T13:10:17","slug":"tira-basura-en-la-calle-esta-es-la-multa-en-santa-lucia-del-camino","status":"publish","type":"post","link":"https:\/\/zonaroja.com.mx\/?p=64838","title":{"rendered":"\u00bfTira basura en la calle? Esta es la multa en Santa Luc\u00eda del Camino"},"content":{"rendered":"\n<p>Redacci\u00f3n\/Zona Roja.<\/p>\n\n\n\n<p>Oaxaca de Ju\u00e1rez, Oax., a 1 de febrero de 2024.- El presidente municipal de Santa Luc\u00eda del Camino, Juan Carlos Garc\u00eda M\u00e1rquez, inform\u00f3 que no existe motivo alguno para que las personas saquen su basura a la calle, como lo realizan algunos vecinos. En caso de hacerlo, ser\u00e1n detenidas, puestas a disposici\u00f3n del juez calificador y multados con 30 UMAS ($ 3,257.1 pesos).<\/p>\n\n\n\n<p>Apunt\u00f3 que diariamente la Direcci\u00f3n de Recolecci\u00f3n y Limpia trabaja desde muy temprana hora para cumplir con la ruta establecida; mencion\u00f3 que el servicio por obvias razones se redujo en los d\u00edas que habitualmente pasaba; pero en ning\u00fan momento se ha dejado de brindar el servicio.<\/p>\n\n\n\n<p>Recalc\u00f3 que algunas personas, a\u00fan tienen el mal h\u00e1bito de sacar la basura a la calle para que cuando pase el cami\u00f3n recolector los levante. Sin embargo, esto ya no est\u00e1 permitido desde el inicio de la administraci\u00f3n.<\/p>\n\n\n\n<p>Incluso se tiene identificado a las personas que realizan esta acci\u00f3n y se les citar\u00e1. Por ello, hace un llamado para que eviten hacerlo, ya que de ser sorprendidos ser\u00e1n consignados ante el juez calificador quien les pondr\u00e1 una multa de m\u00e1s de tres mil pesos.<\/p>\n\n\n\n<p>Finalmente, Garc\u00eda M\u00e1rquez anunci\u00f3 que en este mes de febrero 2024 iniciar\u00e1 la segunda etapa del proyecto \u201cCero Basura\u201d, el cual consiste en que una ruta recoger\u00e1 en d\u00edas espec\u00edficos, exclusivamente desechos org\u00e1nicos, inorg\u00e1nicos e inorg\u00e1nicas reciclable.<\/p>\n","protected":false},"excerpt":{"rendered":"<p>Redacci\u00f3n\/Zona Roja. Oaxaca de Ju\u00e1rez, Oax., a 1 de febrero de 2024.- El presidente municipal&hellip;<\/p>\n","protected":false},"author":2,"featured_media":64832,"comment_status":"closed","ping_status":"open","sticky":false,"template":"","format":"standard","meta":{"_lmt_disableupdate":"","_lmt_disable":"","_jetpack_memberships_contains_paid_content":false,"footnotes":""},"categories":[109,46],"tags":[337],"class_list":["post-64838","post","type-post","status-publish","format-standard","has-post-thumbnail","hentry","category-minuto-a-minuto","category-zona-blanca","tag-santa-lucia-del-camino"],"jetpack_featured_media_url":"https:\/\/zonaroja.com.mx\/wp-content\/uploads\/2024\/02\/Basura-Santa-Lucia-del-Camino.jpg","jetpack_sharing_enabled":true,"_links":{"self":[{"href":"https:\/\/zonaroja.com.mx\/index.php?rest_route=\/wp\/v2\/posts\/64838","targetHints":{"allow":["GET"]}}],"collection":[{"href":"https:\/\/zonaroja.com.mx\/index.php?rest_route=\/wp\/v2\/posts"}],"about":[{"href":"https:\/\/zonaroja.com.mx\/index.php?rest_route=\/wp\/v2\/types\/post"}],"author":[{"embeddable":true,"href":"https:\/\/zonaroja.com.mx\/index.php?rest_route=\/wp\/v2\/users\/2"}],"replies":[{"embeddable":true,"href":"https:\/\/zonaroja.com.mx\/index.php?rest_route=%2Fwp%2Fv2%2Fcomments&post=64838"}],"version-history":[{"count":1,"href":"https:\/\/zonaroja.com.mx\/index.php?rest_route=\/wp\/v2\/posts\/64838\/revisions"}],"predecessor-version":[{"id":64839,"href":"https:\/\/zonaroja.com.mx\/index.php?rest_route=\/wp\/v2\/posts\/64838\/revisions\/64839"}],"wp:featuredmedia":[{"embeddable":true,"href":"https:\/\/zonaroja.com.mx\/index.php?rest_route=\/wp\/v2\/media\/64832"}],"wp:attachment":[{"href":"https:\/\/zonaroja.com.mx\/index.php?rest_route=%2Fwp%2Fv2%2Fmedia&parent=64838"}],"wp:term":[{"taxonomy":"category","embeddable":true,"href":"https:\/\/zonaroja.com.mx\/index.php?rest_route=%2Fwp%2Fv2%2Fcategories&post=64838"},{"taxonomy":"post_tag","embeddable":true,"href":"https:\/\/zonaroja.com.mx\/index.php?rest_route=%2Fwp%2Fv2%2Ftags&post=64838"}],"curies":[{"name":"wp","href":"https:\/\/api.w.org\/{rel}","templated":true}]}}