{"id":6484,"date":"2019-12-08T20:21:28","date_gmt":"2019-12-09T02:21:28","guid":{"rendered":"http:\/\/www.zonaroja.com.mx\/?p=6484"},"modified":"2019-12-08T20:21:31","modified_gmt":"2019-12-09T02:21:31","slug":"le-quita-beca-a-invidente-porque-renta-en-el-centro-de-la-ciudad-de-oaxaca","status":"publish","type":"post","link":"https:\/\/zonaroja.com.mx\/?p=6484","title":{"rendered":"Le quita beca a invidente\u2026 porque renta en el centro de la ciudad de Oaxaca"},"content":{"rendered":"\n<p>Ismael Garc\u00eda M.\/Zona Roja.<\/p>\n\n\n\n<p>Oaxaca de Ju\u00e1rez, Oax., 8 de diciembre\nde 2019.- Maximino Cruz P\u00e9rez es un invidente. Pero eso no limita su\nextraordinaria capacidad musical. Toca con maestr\u00eda un acorde\u00f3n por el Centro\nHist\u00f3rico de la capital, principalmente en el Andador Tur\u00edstico, donde lo\nacompa\u00f1a en muchas ocasiones un violinista extranjero.<\/p>\n\n\n\n<p>Tiene 37 a\u00f1os de edad y su forma de\nganarse la vida es tocando en las calles. \u00c9l, como decenas de personas en la\ncapital de Oaxaca con alguna limitaci\u00f3n f\u00edsica, se hab\u00eda inscrito para obtener\nuna beca de la Secretar\u00eda de Bienestar del gobierno federal.<\/p>\n\n\n\n<p>Pero como vive en un domicilio rentado\nen el centro de la capital, le dijeron que no le toca, y no le dieron.<\/p>\n\n\n\n<p>\u201cMe han negado el apoyo porque rento en el Centro Hist\u00f3rico, por ser una persona ciega total y no se vale que lo nieguen; soy una persona que se gana la vida en la calle\u201d, dice una cartulina que porta durante una conferencia de prensa este domingo.<\/p>\n\n\n\n<figure class=\"wp-block-embed-twitter wp-block-embed is-type-rich is-provider-twitter\"><div class=\"wp-block-embed__wrapper\">\n<div class=\"twitter-tweet\"><blockquote class=\"twitter-tweet\" data-lang=\"es\"><p lang=\"es\" dir=\"ltr\"><a href=\"https:\/\/twitter.com\/hashtag\/OaxacaGris?src=hash&amp;ref_src=twsrc%5Etfw\">#OaxacaGris<\/a><br>Esta es la queja de personas con discapacidad, por la forma en que los discrimina la dependencia <a href=\"https:\/\/twitter.com\/bienestarmx?ref_src=twsrc%5Etfw\">@bienestarmx<\/a> <a href=\"https:\/\/twitter.com\/BienestarMxOax?ref_src=twsrc%5Etfw\">@BienestarMxOax<\/a>, que encabeza <a href=\"https:\/\/twitter.com\/NancyOrtizOax?ref_src=twsrc%5Etfw\">@NancyOrtizOax<\/a>, en la entrega de apoyos Bienestar. <a href=\"https:\/\/t.co\/8ZwmteNYnM\">pic.twitter.com\/8ZwmteNYnM<\/a><\/p>&mdash; Zona Roja Oaxaca (@MexRoja) <a href=\"https:\/\/twitter.com\/MexRoja\/status\/1203861436881100801?ref_src=twsrc%5Etfw\">9 de diciembre de 2019<\/a><\/blockquote><\/div>\n<\/div><\/figure>\n\n\n\n<p>Y refuerza en su voz: \u201cOjal\u00e1 puedan ver,\nporque nosotros no andamos con mentira; podemos llevar un recibo de renta que\ntenemos\u201d, expone.<\/p>\n\n\n\n<p>Esa fue la queja de Maximino como de\nmuchas personas con alguna discapacidad, encabezadas por Godofredo Sol\u00eds.<\/p>\n\n\n\n<p>En conferencia de prensa, acusan que la delegada de Bienestar en Valles Centrales, A\u00edda Valencia, los discrimina y a muchos de ellos les ha negado el apoyo.  La delegaci\u00f3n que encabeza Nancy Ortiz Cabrera, tampoco los escucha.<\/p>\n\n\n\n<p>\u201cSe le est\u00e1 negando la pensi\u00f3n del\ngobierno federal, as\u00ed como estos compa\u00f1eros hay muchos que no se les da; la\nmisma A\u00edda Valencia le dijo a mi compa\u00f1ero Maximino que no le toca porque renta\nen el Centro Hist\u00f3rico, cuando es una persona niega\u201d, expone Godofredo.<\/p>\n\n\n\n<p>Otro ejemplo es de Pascual Flores Mej\u00eda,\nen silla de ruedas, que lo traen vueltas y vueltas y nada de apoyos.<\/p>\n\n\n\n<p>Si no hay respuesta positiva, agrega,\ntomar\u00e1n otras medidas de presi\u00f3n. \u201cNo me parece justo lo que est\u00e1n haciendo;\nhay personas que est\u00e1n buenas y sanas y est\u00e1n cobrando la pensi\u00f3n del gobierno\nfederal, cuando aqu\u00ed tenemos ciegos, en sillas de ruedas, amputados, que no\nest\u00e1n recibiendo su ayuda\u201d, agrega, en el Andador Tur\u00edstico de la capital.<\/p>\n","protected":false},"excerpt":{"rendered":"<p>Ismael Garc\u00eda M.\/Zona Roja. Oaxaca de Ju\u00e1rez, Oax., 8 de diciembre de 2019.- Maximino Cruz&hellip;<\/p>\n","protected":false},"author":2,"featured_media":6485,"comment_status":"closed","ping_status":"open","sticky":false,"template":"","format":"standard","meta":{"_lmt_disableupdate":"","_lmt_disable":"","_jetpack_memberships_contains_paid_content":false,"footnotes":""},"categories":[109,47],"tags":[1113,272],"class_list":["post-6484","post","type-post","status-publish","format-standard","has-post-thumbnail","hentry","category-minuto-a-minuto","category-zona-gris","tag-aida-valencia","tag-nancy-ortiz-cabrera"],"jetpack_featured_media_url":"https:\/\/zonaroja.com.mx\/wp-content\/uploads\/2019\/12\/Becas-discapacitados.jpg","jetpack_sharing_enabled":true,"_links":{"self":[{"href":"https:\/\/zonaroja.com.mx\/index.php?rest_route=\/wp\/v2\/posts\/6484","targetHints":{"allow":["GET"]}}],"collection":[{"href":"https:\/\/zonaroja.com.mx\/index.php?rest_route=\/wp\/v2\/posts"}],"about":[{"href":"https:\/\/zonaroja.com.mx\/index.php?rest_route=\/wp\/v2\/types\/post"}],"author":[{"embeddable":true,"href":"https:\/\/zonaroja.com.mx\/index.php?rest_route=\/wp\/v2\/users\/2"}],"replies":[{"embeddable":true,"href":"https:\/\/zonaroja.com.mx\/index.php?rest_route=%2Fwp%2Fv2%2Fcomments&post=6484"}],"version-history":[{"count":1,"href":"https:\/\/zonaroja.com.mx\/index.php?rest_route=\/wp\/v2\/posts\/6484\/revisions"}],"predecessor-version":[{"id":6486,"href":"https:\/\/zonaroja.com.mx\/index.php?rest_route=\/wp\/v2\/posts\/6484\/revisions\/6486"}],"wp:featuredmedia":[{"embeddable":true,"href":"https:\/\/zonaroja.com.mx\/index.php?rest_route=\/wp\/v2\/media\/6485"}],"wp:attachment":[{"href":"https:\/\/zonaroja.com.mx\/index.php?rest_route=%2Fwp%2Fv2%2Fmedia&parent=6484"}],"wp:term":[{"taxonomy":"category","embeddable":true,"href":"https:\/\/zonaroja.com.mx\/index.php?rest_route=%2Fwp%2Fv2%2Fcategories&post=6484"},{"taxonomy":"post_tag","embeddable":true,"href":"https:\/\/zonaroja.com.mx\/index.php?rest_route=%2Fwp%2Fv2%2Ftags&post=6484"}],"curies":[{"name":"wp","href":"https:\/\/api.w.org\/{rel}","templated":true}]}}