{"id":64844,"date":"2024-02-01T11:30:00","date_gmt":"2024-02-01T17:30:00","guid":{"rendered":"http:\/\/www.zonaroja.com.mx\/?p=64844"},"modified":"2024-02-01T07:34:32","modified_gmt":"2024-02-01T13:34:32","slug":"la-suprema-corte-invalida-la-reforma-electrica-de-amlo","status":"publish","type":"post","link":"https:\/\/zonaroja.com.mx\/?p=64844","title":{"rendered":"La Suprema Corte invalida la reforma el\u00e9ctrica de AMLO"},"content":{"rendered":"\n<p>Redacci\u00f3n\/Zona Roja Cdmx.<\/p>\n\n\n\n<p>Ciudad de M\u00e9xico, a 1 de febrero de 2024.- La Segunda Sala de la Suprema Corte de Justicia de la Naci\u00f3n (SCJN) concedi\u00f3 el amparo a seis empresas y declar\u00f3 la inconstitucionalidad de los cambios a la Ley de la Industria El\u00e9ctrica, vigentes desde el 10 de marzo de 2021, que favorecen a la Comisi\u00f3n Federal de Electricidad (CFE) por sobre los privados que generan energ\u00eda el\u00e9ctrica; la sentencia aplicar\u00e1 de manera general a todos los agentes que participan en el mercado el\u00e9ctrico nacional.<\/p>\n\n\n\n<p>Las empresas a las que se concedi\u00f3 el amparo y que deriv\u00f3 en este proceso son: Recursos Solares PV de M\u00e9xico IV, S.A. de C.V., BNB Villa Ahumada Solar S. de R.L. de C.V., Engie Abril PV S. de R. L. de C.V., E\u00f3lica Tres Mesas 4 S. de R.L. de C.V., Tractabel Energ\u00eda de P\u00e1nuco S.A. de C.V., y Tractabel Energ\u00eda de Monterrey S. de R.L. de C.V.<\/p>\n\n\n\n<p>Si bien el juez correspondiente s\u00f3lo concedi\u00f3 la tutela a las empresas quejosas respecto de las que entr\u00f3 al estudio del fondo del asunto ordenando la desincorporaci\u00f3n del sistema normativo reclamado de su situaci\u00f3n jur\u00eddica, refiere el fallo, lo que en realidad hizo fue reconocer que al materializarse esa desincorporaci\u00f3n necesariamente se generar\u00e1n consecuencias al resto de los agentes participantes.<\/p>\n\n\n\n<p>\u201cCiertamente, las normas reclamadas rigen al mercado de energ\u00eda el\u00e9ctrica, estableciendo los criterios conforme a los cuales los generadores de energ\u00eda pueden tener acceso a la Red Nacional de Transmisi\u00f3n y las redes generales de distribuci\u00f3n, adem\u00e1s de que prev\u00e9n los mecanismos que rigen la contrataci\u00f3n y la adquisici\u00f3n de certificados de energ\u00edas limpias; todo lo cual constituye una regulaci\u00f3n que debe aplicarse indiscriminadamente a todos los agentes participantes en un plano colectivo, de suerte que la regulaci\u00f3n de la conducta de uno de ellos afecta directamente la de los dem\u00e1s\u2019\u2019, cita la sentencia.<\/p>\n\n\n\n<p>Se determin\u00f3 que son correctos los alcances definidos por el juez a la protecci\u00f3n constitucional, dado que s\u00f3lo concedi\u00f3 el amparo respecto de la parte quejosa pero anticip\u00f3 que el resto de las empresas participantes del mercado resultar\u00e1n beneficiadas por un efecto colateral.<\/p>\n\n\n\n<p>al como lo identific\u00f3 el juez de distrito, detalla la resoluci\u00f3n, las reformas impugnadas se constituyen en diversas barreras que impiden la competencia efectiva en el mercado de generaci\u00f3n.<\/p>\n\n\n\n<p>\u201cTan es as\u00ed que por m\u00e1s que un grupo de empresas diversas resultaren m\u00e1s eficientes (esto es, produzcan energ\u00eda a menores costos) o invirtieran en nueva tecnolog\u00eda m\u00e1s sustentable, sus esfuerzos ser\u00edan en vano, puesto que la energ\u00eda que produzcan \u00fanicamente ser\u00e1 despachada hasta que finalice el suministro de las centrales que puedan celebrar los referidos contratos, y solo en caso de que el sistema requiera energ\u00eda excedente. Esta situaci\u00f3n claramente vulnera el principio constitucional que orden\u00f3 que las actividades de generaci\u00f3n y comercializaci\u00f3n de energ\u00eda el\u00e9ctrica se sujetar\u00e1n a las reglas del mercado, que por definici\u00f3n requiere una competencia\u2019\u2019.<\/p>\n\n\n\n<p>De acuerdo con el Amparo en Revisi\u00f3n 164\/2023, analizado baja la ponencia de Alberto P\u00e9rez Day\u00e1n, como consecuencia de que el sistema de prelaci\u00f3n en el despacho de energ\u00eda desplaza de forma directa y absoluta a un segundo plano a las energ\u00edas limpias, tambi\u00e9n se vulnera el principio de desarrollo sustentable.<\/p>\n\n\n\n<p>La Segunda Sala consider\u00f3 que resultan infundados los agravios esgrimidos por el Ejecutivo federal y las C\u00e1maras del Congreso de la Uni\u00f3n para demostrar que la reforma reclamada encuentra justificaci\u00f3n en que pretende velar por la seguridad en el despacho y garantizar el suministro de energ\u00eda a la poblaci\u00f3n general, y que busca fortalecer a la CFE.<\/p>\n\n\n\n<p>(Informaci\u00f3n de \u201cEl Economista\u201d)<\/p>\n","protected":false},"excerpt":{"rendered":"<p>Redacci\u00f3n\/Zona Roja Cdmx. Ciudad de M\u00e9xico, a 1 de febrero de 2024.- La Segunda Sala&hellip;<\/p>\n","protected":false},"author":2,"featured_media":55555,"comment_status":"closed","ping_status":"open","sticky":false,"template":"","format":"standard","meta":{"_lmt_disableupdate":"","_lmt_disable":"","_jetpack_memberships_contains_paid_content":false,"footnotes":""},"categories":[109,47],"tags":[],"class_list":["post-64844","post","type-post","status-publish","format-standard","has-post-thumbnail","hentry","category-minuto-a-minuto","category-zona-gris"],"jetpack_featured_media_url":"https:\/\/zonaroja.com.mx\/wp-content\/uploads\/2023\/05\/Suprema-Corte-de-Justicia-SCJN.jpg","jetpack_sharing_enabled":true,"_links":{"self":[{"href":"https:\/\/zonaroja.com.mx\/index.php?rest_route=\/wp\/v2\/posts\/64844","targetHints":{"allow":["GET"]}}],"collection":[{"href":"https:\/\/zonaroja.com.mx\/index.php?rest_route=\/wp\/v2\/posts"}],"about":[{"href":"https:\/\/zonaroja.com.mx\/index.php?rest_route=\/wp\/v2\/types\/post"}],"author":[{"embeddable":true,"href":"https:\/\/zonaroja.com.mx\/index.php?rest_route=\/wp\/v2\/users\/2"}],"replies":[{"embeddable":true,"href":"https:\/\/zonaroja.com.mx\/index.php?rest_route=%2Fwp%2Fv2%2Fcomments&post=64844"}],"version-history":[{"count":1,"href":"https:\/\/zonaroja.com.mx\/index.php?rest_route=\/wp\/v2\/posts\/64844\/revisions"}],"predecessor-version":[{"id":64845,"href":"https:\/\/zonaroja.com.mx\/index.php?rest_route=\/wp\/v2\/posts\/64844\/revisions\/64845"}],"wp:featuredmedia":[{"embeddable":true,"href":"https:\/\/zonaroja.com.mx\/index.php?rest_route=\/wp\/v2\/media\/55555"}],"wp:attachment":[{"href":"https:\/\/zonaroja.com.mx\/index.php?rest_route=%2Fwp%2Fv2%2Fmedia&parent=64844"}],"wp:term":[{"taxonomy":"category","embeddable":true,"href":"https:\/\/zonaroja.com.mx\/index.php?rest_route=%2Fwp%2Fv2%2Fcategories&post=64844"},{"taxonomy":"post_tag","embeddable":true,"href":"https:\/\/zonaroja.com.mx\/index.php?rest_route=%2Fwp%2Fv2%2Ftags&post=64844"}],"curies":[{"name":"wp","href":"https:\/\/api.w.org\/{rel}","templated":true}]}}