{"id":64851,"date":"2024-02-01T18:30:00","date_gmt":"2024-02-02T00:30:00","guid":{"rendered":"http:\/\/www.zonaroja.com.mx\/?p=64851"},"modified":"2024-02-01T17:50:15","modified_gmt":"2024-02-01T23:50:15","slug":"denuncian-comerciantes-pesima-obra-en-la-central-de-abasto-de-oaxaca-capital","status":"publish","type":"post","link":"https:\/\/zonaroja.com.mx\/?p=64851","title":{"rendered":"Denuncian comerciantes p\u00e9sima obra en la Central de Abasto de Oaxaca capital"},"content":{"rendered":"\n<p>Yuridiana Sosa\/Zona Roja.<\/p>\n\n\n\n<p>Oaxaca de Ju\u00e1rez, Oax., 1 de febrero de 2024.- Comerciantes de la Central de Abasto se apoderaron por varios minutos del palacio de municipal y de la sala de Cabildo del ayuntamiento de Oaxaca de Ju\u00e1rez, en protesta por los da\u00f1os que ha dejado la obra de remodelaci\u00f3n, como es la venta de sus locales.<\/p>\n\n\n\n<p>Ante la desatenci\u00f3n del gobierno municipal que encabeza Francisco Mart\u00ednez Neri- y quien se encuentra de licencia en campa\u00f1a pol\u00edtica en busca de la reelecci\u00f3n-, decenas de concesionarios de los puestos cerraron el acceso principal al palacio municipal para exigir una mesa de di\u00e1logo para exponer la problem\u00e1tica.<\/p>\n\n\n\n<p>Para una supuesta atenci\u00f3n, los comerciantes, en su mayor\u00eda de la zona de comedores, se desplazaron a la segunda planta del complejo, pero al no ser recibidos su molestia creci\u00f3 e ingresaron a la sala de Cabildo, donde se llevar\u00eda a cabo la sesi\u00f3n semanal.<\/p>\n\n\n\n<p>La sesi\u00f3n se desarroll\u00f3 entre gritos de reclamo contra la omisi\u00f3n de la autoridad, a quien responsabilizan de permitir la venta de espacios que ya cuentan con concesionarios a vendedores ambulantes.<\/p>\n\n\n\n<p>\u00ab\u00a1Queremos soluci\u00f3n!,\u00a1Queremos soluci\u00f3n!\u00bb, \u00abLucina traidora, vendiste los lugares\u00bb, gritaron.<\/p>\n\n\n\n<p>ADVERTENCIA Y DEMANDA<\/p>\n\n\n\n<p>Los comerciantes advirtieron que si el gobierno no cumple a la brevedad con su reingreso al mercado van a entrar para ocupar sus espacios, pese a que no est\u00e1 terminada la obra.<\/p>\n\n\n\n<p>Pues hasta el momento, se\u00f1alaron, tienen conocimiento que vendedores ambulantes de la Central de Abasto han adquirido un espacio al interior, lo que representar\u00eda el despojo de los locales que por d\u00e9cadas han ocupado y de los que cuentan con una concesi\u00f3n.<\/p>\n\n\n\n<p>Para proteger su patrimonio, apuntaron que si el gobierno no da garant\u00edas de su regreso, ellos mismos terminar\u00e1n, aunque sea de madera, sus establecimientos, a los cuales no han tenido acceso durante la obra a pesar que fue parte de los compromisos de la autoridad.<\/p>\n\n\n\n<p>Es as\u00ed que exigen a la autoridad municipal responder por la obra, pues ante el problema ni el gobierno del estado ni la Sedatu han dado respuesta a la problem\u00e1tica.<\/p>\n\n\n\n<p>Los concesionarios demandaron el respeto a los censos realizados previo a su salida del mercado.<\/p>\n\n\n\n<p>Tras la sesi\u00f3n de Cabildo, la encargada de la presidencia, Judith Carre\u00f1o, atendi\u00f3 a los comerciantes desde la misma sala de sesiones.<\/p>\n\n\n\n<p>Los reclamos no cesaron para la encargada de la presidencia, quien desconoc\u00eda del problema en la zona comercial m\u00e1s importante de la capital, por lo cual, tras ser informada de la problem\u00e1tica, les atendi\u00f3 en una reuni\u00f3n.<\/p>\n\n\n\n<p>Pero una vez restablecido el orden en el interior del inmueble, el titular de Seguridad P\u00fablica municipal, Ra\u00fal \u00c1vila Ibarra, despleg\u00f3 un aparatoso operativo, con varias patrullas y decenas de polic\u00edas con equipo antimotines, para amedrentar a los comerciantes&#8230; despu\u00e9s que ya hab\u00eda terminada la protesta.<\/p>\n","protected":false},"excerpt":{"rendered":"<p>Yuridiana Sosa\/Zona Roja. Oaxaca de Ju\u00e1rez, Oax., 1 de febrero de 2024.- Comerciantes de la&hellip;<\/p>\n","protected":false},"author":2,"featured_media":64852,"comment_status":"closed","ping_status":"open","sticky":false,"template":"","format":"standard","meta":{"_lmt_disableupdate":"","_lmt_disable":"","_jetpack_memberships_contains_paid_content":false,"footnotes":""},"categories":[109,47],"tags":[148],"class_list":["post-64851","post","type-post","status-publish","format-standard","has-post-thumbnail","hentry","category-minuto-a-minuto","category-zona-gris","tag-oaxaca-de-juarez"],"jetpack_featured_media_url":"https:\/\/zonaroja.com.mx\/wp-content\/uploads\/2024\/02\/Protesta-en-Cabildo-Oaxca-comerciantes.jpg","jetpack_sharing_enabled":true,"_links":{"self":[{"href":"https:\/\/zonaroja.com.mx\/index.php?rest_route=\/wp\/v2\/posts\/64851","targetHints":{"allow":["GET"]}}],"collection":[{"href":"https:\/\/zonaroja.com.mx\/index.php?rest_route=\/wp\/v2\/posts"}],"about":[{"href":"https:\/\/zonaroja.com.mx\/index.php?rest_route=\/wp\/v2\/types\/post"}],"author":[{"embeddable":true,"href":"https:\/\/zonaroja.com.mx\/index.php?rest_route=\/wp\/v2\/users\/2"}],"replies":[{"embeddable":true,"href":"https:\/\/zonaroja.com.mx\/index.php?rest_route=%2Fwp%2Fv2%2Fcomments&post=64851"}],"version-history":[{"count":2,"href":"https:\/\/zonaroja.com.mx\/index.php?rest_route=\/wp\/v2\/posts\/64851\/revisions"}],"predecessor-version":[{"id":64854,"href":"https:\/\/zonaroja.com.mx\/index.php?rest_route=\/wp\/v2\/posts\/64851\/revisions\/64854"}],"wp:featuredmedia":[{"embeddable":true,"href":"https:\/\/zonaroja.com.mx\/index.php?rest_route=\/wp\/v2\/media\/64852"}],"wp:attachment":[{"href":"https:\/\/zonaroja.com.mx\/index.php?rest_route=%2Fwp%2Fv2%2Fmedia&parent=64851"}],"wp:term":[{"taxonomy":"category","embeddable":true,"href":"https:\/\/zonaroja.com.mx\/index.php?rest_route=%2Fwp%2Fv2%2Fcategories&post=64851"},{"taxonomy":"post_tag","embeddable":true,"href":"https:\/\/zonaroja.com.mx\/index.php?rest_route=%2Fwp%2Fv2%2Ftags&post=64851"}],"curies":[{"name":"wp","href":"https:\/\/api.w.org\/{rel}","templated":true}]}}