{"id":64855,"date":"2024-02-01T17:44:43","date_gmt":"2024-02-01T23:44:43","guid":{"rendered":"http:\/\/www.zonaroja.com.mx\/?p=64855"},"modified":"2024-02-01T17:44:44","modified_gmt":"2024-02-01T23:44:44","slug":"infundado-suspension-promovida-por-toro-ferrer-sobre-ex-fabrica-de-triplay","status":"publish","type":"post","link":"https:\/\/zonaroja.com.mx\/?p=64855","title":{"rendered":"Infundado, suspensi\u00f3n promovida por Toro Ferrer sobre ex f\u00e1brica de triplay"},"content":{"rendered":"\n<p>Yuridiana Sosa\/Zona Roja.<\/p>\n\n\n\n<p>Oaxaca de Ju\u00e1rez, Oax., 1 de febrero de 2024.- El gobierno de Oaxaca contin\u00faa con la construcci\u00f3n del \u00abParque Primavera Oaxaque\u00f1a\u00bb, que realiza sobre el predio de la ex f\u00e1brica de triplay, pues el juicio de suspensi\u00f3n provisional que promovi\u00f3 Enrique Toro Ferrer, supuesto representante de un propietario, se declar\u00f3 infundado.<\/p>\n\n\n\n<p>Con votaci\u00f3n un\u00e1nime, en sesi\u00f3n extraordinaria virtual de ayer, el Segundo Tribunal Colegiado de Circuito en Materia Civil y Administrativa de Oaxaca, declar\u00f3 infundado el recurso de queja 62\/2024 promovido por Toro Ferrer en contra de la negativa de concederle la suspensi\u00f3n provisional para detener la construcci\u00f3n del Centro Cultural, Deportivo y de Manejo Ambiental denominado \u00abParque Primavera Oaxaque\u00f1a\u00bb.<\/p>\n\n\n\n<p>El \u00f3rgano federal se\u00f1al\u00f3 que no se puede conceder la suspensi\u00f3n provisional a Enrique Toro Ferrer, porque el Decreto Expropiatorio del 17 de julio de 2023 emitido por el Gobernador del Estado de Oaxaca, garantiza los derechos humanos a un medio ambiente sano y al libre esparcimiento, por lo tanto continuar\u00e1n las obras de dicho parque.<\/p>\n\n\n\n<p>Durante la sesi\u00f3n se inform\u00f3: \u201cel proyecto propone declarar infundado el recurso, esto es as\u00ed pues los agravios se consideran infundados e ineficaces\u201d.<\/p>\n\n\n\n<p>\u201cEn esencia se estima de esa manera pues a\u00fan cuando puede vulnerar el derecho de propiedad alusivo por el quejoso, sin embargo, dado que una de las causas de utilidad p\u00fablica se\u00f1aladas en el decreto expropiatorio a que se refiere el quejoso se alza sobre la construcci\u00f3n de un centro de manejo ambiental con el fin de que el Estado realice acciones para evitar calamidades p\u00fablicas, producto de la contaminaci\u00f3n del suelo y afluentes por elementos antropog\u00e9nicos, entonces se estima que en el caso de la suspensi\u00f3n de ejecuci\u00f3n de dicho decreto s\u00ed causa perjuicio al orden p\u00fablico e inter\u00e9s social\u201d.<\/p>\n\n\n\n<p>El Gobierno del Estado, a trav\u00e9s de la Consejer\u00eda Jur\u00eddica, present\u00f3 al Tribunal documentales consistentes en un dictamen t\u00e9cnico de arbolado del pol\u00edgono de la zona intervenida, as\u00ed como dos ejemplares de la edici\u00f3n extra del Peri\u00f3dico Oficial del Estado, donde constan las publicaciones del decreto expropiatorio mencionado en el proyecto.<\/p>\n\n\n\n<p>El magistrado Marco Antonio Hern\u00e1ndez &nbsp;Gonz\u00e1lez &nbsp;manifest\u00f3 su acuerdo con la propuesta, \u201cporque el decreto expropiatorio persigue un fin ambiental y tiene que ponderarse ese inter\u00e9s, porque beneficia el inter\u00e9s de la colectividad, sobre el inter\u00e9s de alg\u00fan particular\u201d.<\/p>\n\n\n\n<p>Se\u00f1al\u00f3 que se debe ponderar y proteger los derechos y el derecho de las personas a un ambiente sano y saludable.<\/p>\n\n\n\n<p>El Presidente Roberto Meixueiro &nbsp;indic\u00f3 que el inter\u00e9s social es preponderante en atenci\u00f3n a lo que se se\u00f1al\u00f3 y la finalidad de la expropiaci\u00f3n es procurar una mejora en el medio ambiente de las colonias aleda\u00f1as y de toda la ciudad de Oaxaca de Ju\u00e1rez; adem\u00e1s de espacios recreativos y tambi\u00e9n otros de car\u00e1cter cultural.<\/p>\n\n\n\n<p>Por su parte, el consejero jur\u00eddico, Geovany V\u00e1squez Sagrero expres\u00f3: \u201cEl Parque Primavera Oaxaque\u00f1a va, aunque se opongan los enemigos de Oaxaca\u201d.<\/p>\n\n\n\n<p>El abogado del gobierno del estado indic\u00f3 que \u201cen atenci\u00f3n a los principios jur\u00eddicos de precauci\u00f3n en materia ambiental e \u201cin dubio pro natura\u201d, los magistrados ordenaron que se contin\u00fae con la construcci\u00f3n del Parque Primavera Oaxaque\u00f1a, quedando intocado el decreto expropiatorio\u201d.<\/p>\n","protected":false},"excerpt":{"rendered":"<p>Yuridiana Sosa\/Zona Roja. Oaxaca de Ju\u00e1rez, Oax., 1 de febrero de 2024.- El gobierno de&hellip;<\/p>\n","protected":false},"author":2,"featured_media":59123,"comment_status":"closed","ping_status":"open","sticky":false,"template":"","format":"standard","meta":{"_lmt_disableupdate":"","_lmt_disable":"","_jetpack_memberships_contains_paid_content":false,"footnotes":""},"categories":[109,46],"tags":[3592,3012],"class_list":["post-64855","post","type-post","status-publish","format-standard","has-post-thumbnail","hentry","category-minuto-a-minuto","category-zona-blanca","tag-consejeria-juridica-y-asistencia-legal","tag-ex-fabrica-de-triplay-novopan"],"jetpack_featured_media_url":"https:\/\/zonaroja.com.mx\/wp-content\/uploads\/2023\/08\/Ex-fabrica-de-triplay-Oaxaca.jpg","jetpack_sharing_enabled":true,"_links":{"self":[{"href":"https:\/\/zonaroja.com.mx\/index.php?rest_route=\/wp\/v2\/posts\/64855","targetHints":{"allow":["GET"]}}],"collection":[{"href":"https:\/\/zonaroja.com.mx\/index.php?rest_route=\/wp\/v2\/posts"}],"about":[{"href":"https:\/\/zonaroja.com.mx\/index.php?rest_route=\/wp\/v2\/types\/post"}],"author":[{"embeddable":true,"href":"https:\/\/zonaroja.com.mx\/index.php?rest_route=\/wp\/v2\/users\/2"}],"replies":[{"embeddable":true,"href":"https:\/\/zonaroja.com.mx\/index.php?rest_route=%2Fwp%2Fv2%2Fcomments&post=64855"}],"version-history":[{"count":1,"href":"https:\/\/zonaroja.com.mx\/index.php?rest_route=\/wp\/v2\/posts\/64855\/revisions"}],"predecessor-version":[{"id":64856,"href":"https:\/\/zonaroja.com.mx\/index.php?rest_route=\/wp\/v2\/posts\/64855\/revisions\/64856"}],"wp:featuredmedia":[{"embeddable":true,"href":"https:\/\/zonaroja.com.mx\/index.php?rest_route=\/wp\/v2\/media\/59123"}],"wp:attachment":[{"href":"https:\/\/zonaroja.com.mx\/index.php?rest_route=%2Fwp%2Fv2%2Fmedia&parent=64855"}],"wp:term":[{"taxonomy":"category","embeddable":true,"href":"https:\/\/zonaroja.com.mx\/index.php?rest_route=%2Fwp%2Fv2%2Fcategories&post=64855"},{"taxonomy":"post_tag","embeddable":true,"href":"https:\/\/zonaroja.com.mx\/index.php?rest_route=%2Fwp%2Fv2%2Ftags&post=64855"}],"curies":[{"name":"wp","href":"https:\/\/api.w.org\/{rel}","templated":true}]}}