{"id":64865,"date":"2024-02-02T07:07:06","date_gmt":"2024-02-02T13:07:06","guid":{"rendered":"http:\/\/www.zonaroja.com.mx\/?p=64865"},"modified":"2024-02-02T07:07:09","modified_gmt":"2024-02-02T13:07:09","slug":"atentan-contra-periodista-en-tijuana-e-incendian-su-vehiculo","status":"publish","type":"post","link":"https:\/\/zonaroja.com.mx\/?p=64865","title":{"rendered":"Atentan contra periodista en Tijuana e incendian su veh\u00edculo"},"content":{"rendered":"\n<p>Redacci\u00f3n\/Zona Roja Cdmx.<\/p>\n\n\n\n<p>Ciudad de M\u00e9xico, a 2 de febrero de 2024.- La violencia en M\u00e9xico no se detiene y ahora otra periodista ha sido la que ha sufrido un atentado en su contra.&nbsp;<\/p>\n\n\n\n<p>Esto se ha dado en el estado mexicano de Baja California, durante la jornada de este jueves 1 de febrero del 2024.<\/p>\n\n\n\n<p>La afectada ha sido Yolanda Caballero, una reconocida reportera en aquella parte fronteriza de nuestro pa\u00eds. El objetivo ha sido el veh\u00edculo en el que se transporta la periodista, justo en los momentos en los que se encontraba realizando una entrevista en Tijuana.<\/p>\n\n\n\n<p>De acuerdo con la misma reportera, esto se ha dado despu\u00e9s de que se ha expresado en contra de la actual alcaldesa, Montserrat Caballero. Fue as\u00ed que la misma periodista narr\u00f3 que el ataque ha sido protagonizado cuando se encontraba trabajando en las calles de Tijuana, entrevistando personas, por lo que un hombre aprovech\u00f3 para acercarse al auto de Yolanda Caballero e impact\u00f3 una de las ventanas.<\/p>\n\n\n\n<p>Despu\u00e9s de esto, el presunto responsable decidi\u00f3 aventar dentro de la unidad una botella con gasolina, lo cual comenz\u00f3 con un incendio que posteriormente tuvo que ser controlado para evitar da\u00f1os mayores.<\/p>\n\n\n\n<p>Y es que gracias a la r\u00e1pida acci\u00f3n de los vecinos en el fraccionamiento, se evit\u00f3 que hubiera personas heridas o algo m\u00e1s que lamentar. Si bien la misma Yolanda Caballero asegura que fue un ataque directo por sus palabras contra la presidenta municipal, espera que se tomen cartas en el asunto para que esto ya no ocurra con otros colegas de la profesi\u00f3n.<\/p>\n\n\n\n<p>TEME POR SU VIDA<\/p>\n\n\n\n<p>Hay que recordar que Yolanda Caballero hab\u00eda denunciado ya desde el pasado mi\u00e9rcoles 31 de enero en sus redes sociales que estaba preocupada por su vida, despu\u00e9s de que la alcaldesa de Tijuana, Montserrat Caballero, recriminara por su presencia en un evento p\u00fablico.<\/p>\n\n\n\n<p>\u00abEl martes 30 de enero fui injustamente se\u00f1alada por la alcaldesa de Tijuana, Montserrat Caballero, lo que me hizo sentir vulnerable y expuesta, como lo he hecho durante los \u00faltimos a\u00f1os me present\u00e9 en un evento p\u00fablico fuera de Palacio Municipal para ejercer mi derecho al libre ejercicio period\u00edstico&#8230; Esa ma\u00f1ana sufr\u00ed la segunda agresi\u00f3n en menos de quince d\u00edas por parte de la alcaldesa de esta ciudad fronteriza; todo empez\u00f3 cuando un ciudadano que jam\u00e1s hab\u00eda visto en la vida le reclam\u00f3 el abandono en el que se encuentra la ciudad y la colonia donde esta persona vive, entonces en un ataque directo hac\u00eda m\u00ed y al oficio que ejerzo la funcionaria me culp\u00f3 frente a todo el evento y lanz\u00f3 una frase que me expuso y me coloc\u00f3 en la mira de todos: Viene con Yolanda, que gusto\u00bb, coment\u00f3.<\/p>\n\n\n\n<p>\u201cHAY RESPETO\u201d<\/p>\n\n\n\n<p>Despu\u00e9s de que esto ocurriera, ha sido la misma alcaldesa de Tijuana, Montserrat Caballero, quien ha asegurado que en ning\u00fan momento su gesti\u00f3n ha estado en contra de la libertad de expresi\u00f3n.<\/p>\n\n\n\n<p>\u00abSiempre se ha mantenido una relaci\u00f3n cordial basada en el respeto a la libertad de expresi\u00f3n, pensamiento, manifestaci\u00f3n de ideas, y en ning\u00fan momento se ha intentado censurar ni vulnerar los derechos de ning\u00fan ciudadano, ni periodista&#8230; Lamentamos lo sucedido a la compa\u00f1era comunicadora Yolanda Caballero e instamos a la Fiscal\u00eda General del Estado que realice las averiguaciones pertinentes para hallar a los culpables de su agresi\u00f3n, y reiteramos la disposici\u00f3n de este Ayuntamiento para colaborar en su investigaci\u00f3n\u00bb, apostill\u00f3.<\/p>\n\n\n\n<p>(Informaci\u00f3n de \u201cMarca\u201d)<\/p>\n","protected":false},"excerpt":{"rendered":"<p>Redacci\u00f3n\/Zona Roja Cdmx. Ciudad de M\u00e9xico, a 2 de febrero de 2024.- La violencia en&hellip;<\/p>\n","protected":false},"author":2,"featured_media":64866,"comment_status":"closed","ping_status":"open","sticky":false,"template":"","format":"standard","meta":{"_lmt_disableupdate":"","_lmt_disable":"","_jetpack_memberships_contains_paid_content":false,"footnotes":""},"categories":[109,47],"tags":[],"class_list":["post-64865","post","type-post","status-publish","format-standard","has-post-thumbnail","hentry","category-minuto-a-minuto","category-zona-gris"],"jetpack_featured_media_url":"https:\/\/zonaroja.com.mx\/wp-content\/uploads\/2024\/02\/Atentado-periodista-Tijuana.jpeg","jetpack_sharing_enabled":true,"_links":{"self":[{"href":"https:\/\/zonaroja.com.mx\/index.php?rest_route=\/wp\/v2\/posts\/64865","targetHints":{"allow":["GET"]}}],"collection":[{"href":"https:\/\/zonaroja.com.mx\/index.php?rest_route=\/wp\/v2\/posts"}],"about":[{"href":"https:\/\/zonaroja.com.mx\/index.php?rest_route=\/wp\/v2\/types\/post"}],"author":[{"embeddable":true,"href":"https:\/\/zonaroja.com.mx\/index.php?rest_route=\/wp\/v2\/users\/2"}],"replies":[{"embeddable":true,"href":"https:\/\/zonaroja.com.mx\/index.php?rest_route=%2Fwp%2Fv2%2Fcomments&post=64865"}],"version-history":[{"count":1,"href":"https:\/\/zonaroja.com.mx\/index.php?rest_route=\/wp\/v2\/posts\/64865\/revisions"}],"predecessor-version":[{"id":64867,"href":"https:\/\/zonaroja.com.mx\/index.php?rest_route=\/wp\/v2\/posts\/64865\/revisions\/64867"}],"wp:featuredmedia":[{"embeddable":true,"href":"https:\/\/zonaroja.com.mx\/index.php?rest_route=\/wp\/v2\/media\/64866"}],"wp:attachment":[{"href":"https:\/\/zonaroja.com.mx\/index.php?rest_route=%2Fwp%2Fv2%2Fmedia&parent=64865"}],"wp:term":[{"taxonomy":"category","embeddable":true,"href":"https:\/\/zonaroja.com.mx\/index.php?rest_route=%2Fwp%2Fv2%2Fcategories&post=64865"},{"taxonomy":"post_tag","embeddable":true,"href":"https:\/\/zonaroja.com.mx\/index.php?rest_route=%2Fwp%2Fv2%2Ftags&post=64865"}],"curies":[{"name":"wp","href":"https:\/\/api.w.org\/{rel}","templated":true}]}}