{"id":64868,"date":"2024-02-02T08:30:00","date_gmt":"2024-02-02T14:30:00","guid":{"rendered":"http:\/\/www.zonaroja.com.mx\/?p=64868"},"modified":"2024-02-02T07:22:53","modified_gmt":"2024-02-02T13:22:53","slug":"tras-detencion-vinculan-a-proceso-a-presunto-feminicida-en-oaxaca","status":"publish","type":"post","link":"https:\/\/zonaroja.com.mx\/?p=64868","title":{"rendered":"Tras detenci\u00f3n, vinculan a proceso a presunto feminicida en Oaxaca"},"content":{"rendered":"\n<p>Redacci\u00f3n\/Zona Roja.&nbsp;<\/p>\n\n\n\n<p>Oaxaca de Ju\u00e1rez, Oax., a 2 de febrero de 2024.- La Fiscal\u00eda General del Estado de Oaxaca (FGEO) obtuvo la vinculaci\u00f3n a proceso en contra de una persona del sexo masculino identificada como M. L. F., por el delito de feminicidio, hechos ocurridos en la regi\u00f3n de la Ca\u00f1ada.<\/p>\n\n\n\n<p>De acuerdo con la carpeta de investigaci\u00f3n, los hechos ocurrieron en Santa Mar\u00eda P\u00e1palo, cuando la v\u00edctima, identificada como V.D.N., se encontraba en el paraje conocido como \u201cGuaje el Capul\u00edn\u201d de esa comunidad, cuando el agresor se dirigi\u00f3 hacia ella y la atac\u00f3 con un arma corto contundente, debido a lo cual sufri\u00f3 severas lesiones que terminaron con su vida.<\/p>\n\n\n\n<p>La FGEO tom\u00f3 conocimiento del crimen e inici\u00f3 las investigaciones correspondientes a trav\u00e9s de la Vicefiscal\u00eda de Control Regional, la cual despleg\u00f3 a un equipo multidisciplinario para realizar las indagatorias bajo la perspectiva de g\u00e9nero.<\/p>\n\n\n\n<p>Derivado de las diligencias, la Fiscal\u00eda de Oaxaca llev\u00f3 a M.L.F. ante el Juez, quien dict\u00f3 auto de vinculaci\u00f3n a proceso contra el imputado al que impuso la medida cautelar de prisi\u00f3n preventiva, adem\u00e1s de otorgar tres meses para el cierre de la investigaci\u00f3n.&nbsp;<\/p>\n\n\n\n<p>OTRO PRESUNTO FEMINICIDA&nbsp;<\/p>\n\n\n\n<p>En otro caso, la Fiscal\u00eda General logr\u00f3 aprehender a una persona del sexo masculino identificada como N.G.N., por el delito de tentativa de homicidio calificado con ventaja en contra de la v\u00edctima identificada como Y.S.G., hechos ocurridos en la regi\u00f3n del Istmo de Tehuantepec.<\/p>\n\n\n\n<p>De acuerdo con el expediente penal del caso, los hechos ocurrieron el 27 de enero de 2024, cuando la v\u00edctima se reuni\u00f3 con su agresor para mostrarle unos equipos de telefon\u00eda celular que ten\u00eda en venta, por lo que se vieron en calles de la colonia Benito Ju\u00e1rez, en el municipio de Santo Domingo Tehuantepec; sin embargo, mientras la v\u00edctima Y.S.G.&nbsp; le mostraba los aparatos al interior de su veh\u00edculo, fue agredida con un arma punzocortante (picahielo), produci\u00e9ndole heridas en diversas partes del cuerpo.<\/p>\n\n\n\n<p>La FGEO, a trav\u00e9s de la Vicefiscal\u00eda Regional del Istmo de Tehuantepec, aplic\u00f3 los protocolos y t\u00e9cnicas de investigaci\u00f3n que condujeron a la localizaci\u00f3n del probable responsable de la agresi\u00f3n, por lo que la Agencia Estatal de Investigaciones realiz\u00f3 su detenci\u00f3n al a ejecutar una orden de aprehensi\u00f3n el pasado 31 de enero.<\/p>\n\n\n\n<p>Tras la captura, el imputado N.G.N. ser\u00e1 puesto a disposici\u00f3n de la autoridad ministerial correspondiente que determinar\u00e1 su situaci\u00f3n jur\u00eddica en las pr\u00f3ximas horas.<\/p>\n\n\n\n<p>La Fiscal\u00eda General del Estado est\u00e1 comprometida con investigar todo hecho delictuoso que atente contra la integridad de las mujeres, y refrenda su compromiso de aplicar todo el rigor de la ley para sancionar a quien o quienes resulten responsables de este tipo de agresiones.<\/p>\n","protected":false},"excerpt":{"rendered":"<p>Redacci\u00f3n\/Zona Roja.&nbsp; Oaxaca de Ju\u00e1rez, Oax., a 2 de febrero de 2024.- La Fiscal\u00eda General&hellip;<\/p>\n","protected":false},"author":2,"featured_media":64869,"comment_status":"closed","ping_status":"open","sticky":false,"template":"","format":"standard","meta":{"_lmt_disableupdate":"","_lmt_disable":"","_jetpack_memberships_contains_paid_content":false,"footnotes":""},"categories":[109,46],"tags":[494],"class_list":["post-64868","post","type-post","status-publish","format-standard","has-post-thumbnail","hentry","category-minuto-a-minuto","category-zona-blanca","tag-fiscalia-general-del-estado-de-oaxaca"],"jetpack_featured_media_url":"https:\/\/zonaroja.com.mx\/wp-content\/uploads\/2024\/02\/Detenidos-Fiscalia-Oaxaca.jpg","jetpack_sharing_enabled":true,"_links":{"self":[{"href":"https:\/\/zonaroja.com.mx\/index.php?rest_route=\/wp\/v2\/posts\/64868","targetHints":{"allow":["GET"]}}],"collection":[{"href":"https:\/\/zonaroja.com.mx\/index.php?rest_route=\/wp\/v2\/posts"}],"about":[{"href":"https:\/\/zonaroja.com.mx\/index.php?rest_route=\/wp\/v2\/types\/post"}],"author":[{"embeddable":true,"href":"https:\/\/zonaroja.com.mx\/index.php?rest_route=\/wp\/v2\/users\/2"}],"replies":[{"embeddable":true,"href":"https:\/\/zonaroja.com.mx\/index.php?rest_route=%2Fwp%2Fv2%2Fcomments&post=64868"}],"version-history":[{"count":1,"href":"https:\/\/zonaroja.com.mx\/index.php?rest_route=\/wp\/v2\/posts\/64868\/revisions"}],"predecessor-version":[{"id":64870,"href":"https:\/\/zonaroja.com.mx\/index.php?rest_route=\/wp\/v2\/posts\/64868\/revisions\/64870"}],"wp:featuredmedia":[{"embeddable":true,"href":"https:\/\/zonaroja.com.mx\/index.php?rest_route=\/wp\/v2\/media\/64869"}],"wp:attachment":[{"href":"https:\/\/zonaroja.com.mx\/index.php?rest_route=%2Fwp%2Fv2%2Fmedia&parent=64868"}],"wp:term":[{"taxonomy":"category","embeddable":true,"href":"https:\/\/zonaroja.com.mx\/index.php?rest_route=%2Fwp%2Fv2%2Fcategories&post=64868"},{"taxonomy":"post_tag","embeddable":true,"href":"https:\/\/zonaroja.com.mx\/index.php?rest_route=%2Fwp%2Fv2%2Ftags&post=64868"}],"curies":[{"name":"wp","href":"https:\/\/api.w.org\/{rel}","templated":true}]}}