{"id":64871,"date":"2024-02-02T09:22:00","date_gmt":"2024-02-02T15:22:00","guid":{"rendered":"http:\/\/www.zonaroja.com.mx\/?p=64871"},"modified":"2024-02-02T07:25:43","modified_gmt":"2024-02-02T13:25:43","slug":"pide-el-congreso-al-ieepco-sumarse-a-acciones-para-prevenir-violencia-en-proceso-electoral","status":"publish","type":"post","link":"https:\/\/zonaroja.com.mx\/?p=64871","title":{"rendered":"Pide el Congreso al IEEPCO sumarse a acciones para prevenir violencia en proceso electoral"},"content":{"rendered":"\n<p>Redacci\u00f3n\/Zona Roja.<\/p>\n\n\n\n<p>Oaxaca de Ju\u00e1rez, Oax., a 2 de febrero de 2024.- El Congreso del Estado solicit\u00f3 al Consejo General del Instituto Estatal Electoral y de Participaci\u00f3n Ciudadana de Oaxaca (IEEPCO) impulsar acciones con la mesa de coordinaci\u00f3n para la construcci\u00f3n de la paz, a fin de prevenir la violencia durante el actual proceso electoral en la entidad.<\/p>\n\n\n\n<p>En sesi\u00f3n ordinaria del pasado mi\u00e9rcoles, el pleno de la 65 Legislatura local aprob\u00f3 con 32 votos a favor este exhorto, presentado por el Grupo Parlamentario del Partido de la Revoluci\u00f3n Democr\u00e1tica.<\/p>\n\n\n\n<p>En tribuna, el legislador V\u00edctor Ra\u00fal Hern\u00e1ndez L\u00f3pez resalt\u00f3 la necesidad de garantizar las condiciones de seguridad para evitar hechos violentos en Oaxaca.&nbsp;<\/p>\n\n\n\n<p>\u201cDesafortunadamente desde hace muchos a\u00f1os hemos vivido episodios de violencia en los procesos electorales. Sin embargo, a partir de la concurrencia del proceso local con el federal existe la percepci\u00f3n de que se ha incrementado la violencia en contra de los precandidatos y candidatos, y actores pol\u00edticos, sin distinci\u00f3n de g\u00e9nero ni de partidos\u201d, expuso.&nbsp;<\/p>\n\n\n\n<p>Record\u00f3 la violencia registrada en el a\u00f1o 2021, \u201cla suma de ataques violentos y la muerte de precandidatos, candidatas y actores pol\u00edticos en el 2021, caracterizan el proceso pasado como el m\u00e1s violento que hemos vivido\u201d.<\/p>\n\n\n\n<p>\u201cEl an\u00e1lisis en cifras nos indica que el mayor n\u00famero de ataques y homicidios se cometieron en contra de aspirantes y candidatos al cargo de presidente municipal, s\u00edndico o regidores, as\u00ed como de candidatos a diputados locales, la misma cifra nos indica que ning\u00fan partido se encuentra a salvo de vivir la muerte de sus candidatos\u201d, manifest\u00f3.<\/p>\n\n\n\n<p>Por lo cual, para prevenir y tener respuestas inmediatas ante estas eventualidades, el Congreso de Oaxaca exhorta al IEEPCO para que, en conjunto con la mesa de coordinaci\u00f3n para la construcci\u00f3n de la paz, formulen la agenda y el mapa de riesgos para el proceso electoral local en curso.<\/p>\n\n\n\n<p>El 2 de junio de este a\u00f1o, en Oaxaca habr\u00e1 elecciones locales y federales, donde se votar\u00e1 por quienes ocupen la presidencia federal, la C\u00e1mara de Diputados federal, el Senado, el Congreso del Estado, y concejales de los 153 municipios oaxaque\u00f1os regidos por partidos pol\u00edticos.&nbsp;<\/p>\n","protected":false},"excerpt":{"rendered":"<p>Redacci\u00f3n\/Zona Roja. Oaxaca de Ju\u00e1rez, Oax., a 2 de febrero de 2024.- El Congreso del&hellip;<\/p>\n","protected":false},"author":2,"featured_media":64833,"comment_status":"closed","ping_status":"open","sticky":false,"template":"","format":"standard","meta":{"_lmt_disableupdate":"","_lmt_disable":"","_jetpack_memberships_contains_paid_content":false,"footnotes":""},"categories":[109,46],"tags":[2743],"class_list":["post-64871","post","type-post","status-publish","format-standard","has-post-thumbnail","hentry","category-minuto-a-minuto","category-zona-blanca","tag-65-legislatura-del-estado-de-oaxaca"],"jetpack_featured_media_url":"https:\/\/zonaroja.com.mx\/wp-content\/uploads\/2024\/02\/Congreso-Oaxaca-diputados.jpg","jetpack_sharing_enabled":true,"_links":{"self":[{"href":"https:\/\/zonaroja.com.mx\/index.php?rest_route=\/wp\/v2\/posts\/64871","targetHints":{"allow":["GET"]}}],"collection":[{"href":"https:\/\/zonaroja.com.mx\/index.php?rest_route=\/wp\/v2\/posts"}],"about":[{"href":"https:\/\/zonaroja.com.mx\/index.php?rest_route=\/wp\/v2\/types\/post"}],"author":[{"embeddable":true,"href":"https:\/\/zonaroja.com.mx\/index.php?rest_route=\/wp\/v2\/users\/2"}],"replies":[{"embeddable":true,"href":"https:\/\/zonaroja.com.mx\/index.php?rest_route=%2Fwp%2Fv2%2Fcomments&post=64871"}],"version-history":[{"count":1,"href":"https:\/\/zonaroja.com.mx\/index.php?rest_route=\/wp\/v2\/posts\/64871\/revisions"}],"predecessor-version":[{"id":64872,"href":"https:\/\/zonaroja.com.mx\/index.php?rest_route=\/wp\/v2\/posts\/64871\/revisions\/64872"}],"wp:featuredmedia":[{"embeddable":true,"href":"https:\/\/zonaroja.com.mx\/index.php?rest_route=\/wp\/v2\/media\/64833"}],"wp:attachment":[{"href":"https:\/\/zonaroja.com.mx\/index.php?rest_route=%2Fwp%2Fv2%2Fmedia&parent=64871"}],"wp:term":[{"taxonomy":"category","embeddable":true,"href":"https:\/\/zonaroja.com.mx\/index.php?rest_route=%2Fwp%2Fv2%2Fcategories&post=64871"},{"taxonomy":"post_tag","embeddable":true,"href":"https:\/\/zonaroja.com.mx\/index.php?rest_route=%2Fwp%2Fv2%2Ftags&post=64871"}],"curies":[{"name":"wp","href":"https:\/\/api.w.org\/{rel}","templated":true}]}}