{"id":64873,"date":"2024-02-02T10:25:00","date_gmt":"2024-02-02T16:25:00","guid":{"rendered":"http:\/\/www.zonaroja.com.mx\/?p=64873"},"modified":"2024-02-02T07:40:55","modified_gmt":"2024-02-02T13:40:55","slug":"ejecutan-a-precandidato-del-pvem-en-jalisco-y-a-dos-personas-en-guerrero","status":"publish","type":"post","link":"https:\/\/zonaroja.com.mx\/?p=64873","title":{"rendered":"Ejecutan a precandidato del PVEM en Jalisco y a dos personas en Guerrero"},"content":{"rendered":"\n<p>Redacci\u00f3n\/Zona Roja Cdmx.<\/p>\n\n\n\n<p>Ciudad de M\u00e9xico, a 2 de febrero de 2024.- Jaime Vera Alan\u00eds, quien estaba inscrito como precandidato por el Partido Verde Ecologista de M\u00e9xico (PVEM) a la presidencia municipal de Mascota, Jalisco, fue asesinado ayer de tres balazos en la colonia Puesta de Sol, en Zapopan, informaron autoridades.<\/p>\n\n\n\n<p>Detallaron que el cuerpo del pol\u00edtico qued\u00f3 tendido junto a su camioneta en el cruce de las avenidas Manuel Clouthier y Moctezuma.<\/p>\n\n\n\n<p>Testigos indicaron que la v\u00edctima sal\u00eda de una lavander\u00eda y acomodaba la ropa dentro del veh\u00edculo cuando fue atacado por un sujeto que portaba vestimenta negra y sali\u00f3 corriendo del lugar.<\/p>\n\n\n\n<p>El PVEM lament\u00f3 y conden\u00f3 el homicidio de Vera Alan\u00eds y llam\u00f3 a fortalecer las acciones de seguridad, con mayor rigor en las entidades consideradas focos rojos de la violencia.<\/p>\n\n\n\n<p>\u201cHacemos un llamado urgente a las autoridades a actuar con eficacia e inmediatez para esclarecer lo ocurrido y ejercer justicia ante este lamentable hecho, as\u00ed como para garantizar la seguridad de todas y todos, dentro del marco del presente proceso electoral.\u201d<\/p>\n\n\n\n<p>EN GUERRERO<\/p>\n\n\n\n<p>Mientras, en Taxco de Alarc\u00f3n, dos mec\u00e1nicos fueron ejecutados ayer, lo que provoc\u00f3 tensi\u00f3n entre los pobladores de la cabecera municipal, que apenas se recuperan de varios d\u00edas en que el transporte p\u00fablico realiz\u00f3 un paro por agresiones y amenazas de grupos delincuenciales.<\/p>\n\n\n\n<p>El crimen fue cometido cerca del C2 (centro de control y comando), y a unos 500 metros de un ret\u00e9n instalado por el Ej\u00e9rcito Mexicano y la Guardia Nacional. Las v\u00edctimas, de entre 25 y 30 a\u00f1os, fueron ultimadas en su taller.<\/p>\n\n\n\n<p>Debido a las advertencias del crimen organizado, se suspendieron varias de las peregrinaciones provenientes de Iguala, Taxco y poblaciones del estado de M\u00e9xico para festejar a la Virgen de la Candelaria, a la cual se celebra este viernes en la comunidad de Huixtac, en ese municipio platero. Tambi\u00e9n se interrumpieron los tradicionales jaripeos y la festividad de El Toro de Once, que marca el inicio de la Feria de Huixtac.<\/p>\n\n\n\n<p>Por otra parte, ayer se denunci\u00f3 la desaparici\u00f3n de tres trabajadores del Centro de Bachillerato Tecnol\u00f3gico Industrial y de Servicios 178, en el municipio de Tlapa de Comonfort, en la regi\u00f3n de la Monta\u00f1a alta de Guerrero, desde el pasado mi\u00e9rcoles, cuando acudieron a Chilpancingo. Se trata de Bonfilio Herrera, Iroel Basilio y Ali Emanuel Gonz\u00e1lez, dio a conocer la instituci\u00f3n en su p\u00e1gina oficial.<\/p>\n\n\n\n<p>EN GUANAJUATO<\/p>\n\n\n\n<p>Un grupo de hombres armados atac\u00f3 a polic\u00edas del municipio de Celaya, Guanajuato, quienes repelieron la acometida y se desat\u00f3 un enfrentamiento que dej\u00f3 un oficial muerto, otro lesionado y dos presuntos delincuentes abatidos.<\/p>\n\n\n\n<p>Las Fuerzas de Seguridad P\u00fablica del Estado, elementos de la Guardia Nacional, el Ej\u00e9rcito y la polic\u00eda local implementaron un operativo para detener a los presuntos criminales.<\/p>\n\n\n\n<p>En Chihuahua, al menos ocho personas fueron ultimadas la madrugada y ma\u00f1ana del jueves en Ciudad Ju\u00e1rez y Nuevo Casas Grandes.<\/p>\n\n\n\n<p>(Informaci\u00f3n de \u201cLa Jornada\u201d)<\/p>\n","protected":false},"excerpt":{"rendered":"<p>Redacci\u00f3n\/Zona Roja Cdmx. Ciudad de M\u00e9xico, a 2 de febrero de 2024.- Jaime Vera Alan\u00eds,&hellip;<\/p>\n","protected":false},"author":2,"featured_media":25534,"comment_status":"closed","ping_status":"open","sticky":false,"template":"","format":"standard","meta":{"_lmt_disableupdate":"","_lmt_disable":"","_jetpack_memberships_contains_paid_content":false,"footnotes":""},"categories":[109,51],"tags":[1746],"class_list":["post-64873","post","type-post","status-publish","format-standard","has-post-thumbnail","hentry","category-minuto-a-minuto","category-zona-roja","tag-violencia-en-mexico"],"jetpack_featured_media_url":"https:\/\/zonaroja.com.mx\/wp-content\/uploads\/2021\/04\/Violencia-politica.jpg","jetpack_sharing_enabled":true,"_links":{"self":[{"href":"https:\/\/zonaroja.com.mx\/index.php?rest_route=\/wp\/v2\/posts\/64873","targetHints":{"allow":["GET"]}}],"collection":[{"href":"https:\/\/zonaroja.com.mx\/index.php?rest_route=\/wp\/v2\/posts"}],"about":[{"href":"https:\/\/zonaroja.com.mx\/index.php?rest_route=\/wp\/v2\/types\/post"}],"author":[{"embeddable":true,"href":"https:\/\/zonaroja.com.mx\/index.php?rest_route=\/wp\/v2\/users\/2"}],"replies":[{"embeddable":true,"href":"https:\/\/zonaroja.com.mx\/index.php?rest_route=%2Fwp%2Fv2%2Fcomments&post=64873"}],"version-history":[{"count":1,"href":"https:\/\/zonaroja.com.mx\/index.php?rest_route=\/wp\/v2\/posts\/64873\/revisions"}],"predecessor-version":[{"id":64874,"href":"https:\/\/zonaroja.com.mx\/index.php?rest_route=\/wp\/v2\/posts\/64873\/revisions\/64874"}],"wp:featuredmedia":[{"embeddable":true,"href":"https:\/\/zonaroja.com.mx\/index.php?rest_route=\/wp\/v2\/media\/25534"}],"wp:attachment":[{"href":"https:\/\/zonaroja.com.mx\/index.php?rest_route=%2Fwp%2Fv2%2Fmedia&parent=64873"}],"wp:term":[{"taxonomy":"category","embeddable":true,"href":"https:\/\/zonaroja.com.mx\/index.php?rest_route=%2Fwp%2Fv2%2Fcategories&post=64873"},{"taxonomy":"post_tag","embeddable":true,"href":"https:\/\/zonaroja.com.mx\/index.php?rest_route=%2Fwp%2Fv2%2Ftags&post=64873"}],"curies":[{"name":"wp","href":"https:\/\/api.w.org\/{rel}","templated":true}]}}