{"id":64878,"date":"2024-02-02T12:09:00","date_gmt":"2024-02-02T18:09:00","guid":{"rendered":"http:\/\/www.zonaroja.com.mx\/?p=64878"},"modified":"2024-02-02T08:22:43","modified_gmt":"2024-02-02T14:22:43","slug":"amlo-a-la-sombra-del-narco-acusaciones-como-candidato-y-presidente-lo-siguen","status":"publish","type":"post","link":"https:\/\/zonaroja.com.mx\/?p=64878","title":{"rendered":"\u00bfAMLO a la sombra del narco?: acusaciones como candidato y presidente lo siguen"},"content":{"rendered":"\n<p>Redacci\u00f3n\/Zona Roja Cdmx.<\/p>\n\n\n\n<p>Ciudad de M\u00e9xico, a 2 de febrero de 2024.- La sombra del narcotr\u00e1fico persigue al presidente Andr\u00e9s Manuel L\u00f3pez Obrador. En los \u00faltimos a\u00f1os algunas de sus campa\u00f1as y su partido han sido se\u00f1alados por presuntos v\u00ednculos con el crimen organizado, lo cual el mandatario ha negado en reiteradas ocasiones.<\/p>\n\n\n\n<p>En la recta final de su gobierno, surgi\u00f3 un nuevo se\u00f1alamiento: en su camino a la Presidencia de la Rep\u00fablica en 2006 habr\u00eda recibido 2 millones de d\u00f3lares para su campa\u00f1a.<\/p>\n\n\n\n<p>\u00bfNarcotraficantes canalizaron millones de d\u00f3lares a la primera campa\u00f1a del presidente mexicano L\u00f3pez Obrador?, del periodista Tim Golden, publicado en ProPublica, revela que testigos dijeron a la DEA que el dinero se habr\u00eda entregado a cambio de una promesa de que de llegar al gobierno L\u00f3pez Obrador presuntamente tolerar\u00eda operaciones del c\u00e1rtel.<\/p>\n\n\n\n<p>\u201cSeg\u00fan m\u00e1s de una docena de entrevistas con funcionarios estadounidenses y mexicanos y documentos gubernamentales revisados por ProPublica, el dinero se proporcion\u00f3 a los ayudantes de la campa\u00f1a en 2006 a cambio de una promesa de que una administraci\u00f3n de L\u00f3pez Obrador facilitar\u00eda las operaciones criminales de los traficantes\u201d, se\u00f1ala en el texto.<\/p>\n\n\n\n<p>En la investigaci\u00f3n se afirma que no se estable si el entonces candidato del PRD sab\u00eda de las supuestas donaciones de los traficantes, sin embargo, uno de sus ayudantes m\u00e1s cercanos \u2013agrega\u2013&nbsp;hab\u00eda acordado el arreglo propuesto.<\/p>\n\n\n\n<p>En el texto tambi\u00e9n se cuestiona la estrategia de L\u00f3pez Obrador en contra de las drogas.<\/p>\n\n\n\n<p>\u201cDesde que asumi\u00f3 el cargo en diciembre de 2018, L\u00f3pez Obrador ha liderado un notable retroceso en la lucha contra las drogas. Su enfoque, que resumi\u00f3 en el eslogan de campa\u00f1a &#8216;Abrazos, no balazos\u00b4, se ha concentrado en programas sociales para atacar las fuentes de la criminalidad, en lugar de confrontar a los criminales\u201d, se lee en el texto.<\/p>\n\n\n\n<p>\u00c9sta no es la \u00fanica ocasi\u00f3n que L\u00f3pez Obrador ha sido vinculado con presuntos narcotraficantes o c\u00e1rteles de la droga.<\/p>\n\n\n\n<p>EL \u201cNARCOGOBIERNO\u201d<\/p>\n\n\n\n<p>En junio de 2022, el morenista y expresidente de la mesa directiva de la C\u00e1mara de Diputados, Porfirio Mu\u00f1oz Ledo, asegur\u00f3 que el presidente Andr\u00e9s Manuel L\u00f3pez Obrador tiene un pacto con el narcotr\u00e1fico.<\/p>\n\n\n\n<p>\u201cHay un paquete de poder y ese paquete de poder es una alianza entre el narco y el gobierno\u201d, dijo el entonces legislador.<\/p>\n\n\n\n<p>Desde su conferencia matutina, el presidente calific\u00f3 como vulgar el se\u00f1alamiento del hombre que en 2018 le coloc\u00f3 la banda presidencial.<\/p>\n\n\n\n<p>\u201cEs realmente muy corriente, muy vulgar todo esto. Lo lamento porque el licenciado Mu\u00f1oz Ledo me conoce muy bien y se atreve a sostener que el gobierno tiene v\u00ednculos con el narco, es un juicio sin fundamento, temerario\u201d, respondi\u00f3.<\/p>\n\n\n\n<p>MAM\u00c1 DE \u201cCHAPO\u201d<\/p>\n\n\n\n<p>Las visitas a Baridaguato y haberse bajado de su camioneta para saludar a Consuelo Loera, la mam\u00e1 del narcotr\u00e1ficante Joaqu\u00edn \u201cEl Chapo\u201d Guzm\u00e1n, tambi\u00e9n le ocasionaron criticas al presidente L\u00f3pez Obrador.<\/p>\n\n\n\n<p>En su momento, el expresidente Felipe Calder\u00f3n le critic\u00f3 su decisi\u00f3n de saludar a la mam\u00e1 del narcotraficante.<\/p>\n\n\n\n<p>\u201cA m\u00ed me podr\u00e1n criticar muchas cosas, habr\u00e1 quien incluso est\u00e9 de acuerdo o no con esa actitud, con esa decisi\u00f3n, con esa estrategia. Pero no soy el Presidente que anda saludando a la mam\u00e1 del Chapo, no liber\u00e9 a ning\u00fan criminal en ninguna circunstancia, ni a los hijos del Chapo ni a los sobrinos\u201d, dijo el hombre que gobern\u00f3 a M\u00e9xico entre 2006 y 2012 en una entrevista con Radioformula.<\/p>\n\n\n\n<p>CASO GARC\u00cdA LUNA<\/p>\n\n\n\n<p>Durante el juicio de Genearo Garc\u00eda Luna, exsecretario de Seguridad P\u00fablica, el nombre del presidente Andr\u00e9s Manuel L\u00f3pez Obrador fue mencionado. El abogado defensor del tambi\u00e9n llamado superpolicia , C\u00e9sar de Castro, interrog\u00f3 a uno de los testigos, Jesus \u201cEl Rey\u201d Zambada, por un presunto financiamiento de siete millones de d\u00f3lares para una campa\u00f1a presidencial del hoy jefe del Ejecutivo federal, sin embargo, neg\u00f3 esa acusaci\u00f3n.<\/p>\n\n\n\n<p>Por haber sido mencionado, en su momento, el presidente anunci\u00f3 que presentar\u00eda una denuncia en contra del abogado defensor.<\/p>\n\n\n\n<p>\u201cCon prop\u00f3sitos pol\u00edticos y de manera tendenciosa quiso involucrarme en el caso de Garc\u00eda Luna y va a tener que aclararlo y vamos a pedir reparaci\u00f3n del da\u00f1o, porque no es Andr\u00e9s Manuel o s\u00f3lo Andr\u00e9s Manuel, es el presidente de M\u00e9xico y no puede cualquiera, y menos un extranjero, poner en tela de juicio la integridad, la honestidad del presidente de M\u00e9xico\u201d, dijo en mayo de 2023.<\/p>\n\n\n\n<p>LEGISLADORES DE EU<\/p>\n\n\n\n<p>Acusaciones de presunta relaci\u00f3n con el crimen organizado tambi\u00e9n han venido desde Estados Unidos.<\/p>\n\n\n\n<p>El senador republicano de origen cubano, Marco Rubio, afirm\u00f3 que L\u00f3pez Obrador \u00abha entregado secciones de M\u00e9xico a los c\u00e1rteles de droga\u00bb.<\/p>\n\n\n\n<p>\u00bfY QU\u00c9 DICE AMLO?<\/p>\n\n\n\n<p>El presidente L\u00f3pez Obrador ha rechazado cada una de las acusaciones que le relacionan con el crimen organizado, de haber recibido dinero para campa\u00f1as o de dar protecci\u00f3n a alg\u00fan grupo.<\/p>\n\n\n\n<p>El mandatario mexicano asegura que a\u00fan goza de autoridad moral y pol\u00edtica, por lo que atribuye a intentos de desprestigo este tipo de acusaciones. En repetidas ocasiones ha pedido que presenten pruebas de sus acusaciones y ha calificado de calumnia lo que se dice de \u00e9l.<\/p>\n\n\n\n<p>\u201cEs una calumnia, est\u00e1n desde luego muy molestos y lamentablemente la prensa, como hemos visto no solo en M\u00e9xico, en el mundo, est\u00e1 muy subordinada al poder. En el caso de Estados Unidos tiene mucha influencia el Departamento de Estado y las agencias en el manejo de los medios y aqu\u00ed tambi\u00e9n pero no hay ninguna prueba, son unos viles calumniadores\u201d, dijo este mi\u00e9rcoles respecto a la acusaci\u00f3n m\u00e1s reciente.<\/p>\n\n\n\n<p>(Informaci\u00f3n de Lidia Arista en \u201cExpansi\u00f3n Pol\u00edtica)<\/p>\n","protected":false},"excerpt":{"rendered":"<p>Redacci\u00f3n\/Zona Roja Cdmx. Ciudad de M\u00e9xico, a 2 de febrero de 2024.- La sombra del&hellip;<\/p>\n","protected":false},"author":2,"featured_media":56186,"comment_status":"closed","ping_status":"open","sticky":false,"template":"","format":"standard","meta":{"_lmt_disableupdate":"","_lmt_disable":"","_jetpack_memberships_contains_paid_content":false,"footnotes":""},"categories":[109,47],"tags":[143],"class_list":["post-64878","post","type-post","status-publish","format-standard","has-post-thumbnail","hentry","category-minuto-a-minuto","category-zona-gris","tag-andres-manuel-lopez-obrador"],"jetpack_featured_media_url":"https:\/\/zonaroja.com.mx\/wp-content\/uploads\/2023\/06\/Andres-Manuel-Lopez-Obrador.jpeg","jetpack_sharing_enabled":true,"_links":{"self":[{"href":"https:\/\/zonaroja.com.mx\/index.php?rest_route=\/wp\/v2\/posts\/64878","targetHints":{"allow":["GET"]}}],"collection":[{"href":"https:\/\/zonaroja.com.mx\/index.php?rest_route=\/wp\/v2\/posts"}],"about":[{"href":"https:\/\/zonaroja.com.mx\/index.php?rest_route=\/wp\/v2\/types\/post"}],"author":[{"embeddable":true,"href":"https:\/\/zonaroja.com.mx\/index.php?rest_route=\/wp\/v2\/users\/2"}],"replies":[{"embeddable":true,"href":"https:\/\/zonaroja.com.mx\/index.php?rest_route=%2Fwp%2Fv2%2Fcomments&post=64878"}],"version-history":[{"count":1,"href":"https:\/\/zonaroja.com.mx\/index.php?rest_route=\/wp\/v2\/posts\/64878\/revisions"}],"predecessor-version":[{"id":64879,"href":"https:\/\/zonaroja.com.mx\/index.php?rest_route=\/wp\/v2\/posts\/64878\/revisions\/64879"}],"wp:featuredmedia":[{"embeddable":true,"href":"https:\/\/zonaroja.com.mx\/index.php?rest_route=\/wp\/v2\/media\/56186"}],"wp:attachment":[{"href":"https:\/\/zonaroja.com.mx\/index.php?rest_route=%2Fwp%2Fv2%2Fmedia&parent=64878"}],"wp:term":[{"taxonomy":"category","embeddable":true,"href":"https:\/\/zonaroja.com.mx\/index.php?rest_route=%2Fwp%2Fv2%2Fcategories&post=64878"},{"taxonomy":"post_tag","embeddable":true,"href":"https:\/\/zonaroja.com.mx\/index.php?rest_route=%2Fwp%2Fv2%2Ftags&post=64878"}],"curies":[{"name":"wp","href":"https:\/\/api.w.org\/{rel}","templated":true}]}}