{"id":64881,"date":"2024-02-02T12:10:27","date_gmt":"2024-02-02T18:10:27","guid":{"rendered":"http:\/\/www.zonaroja.com.mx\/?p=64881"},"modified":"2024-02-03T07:43:28","modified_gmt":"2024-02-03T13:43:28","slug":"a-dos-dias-de-la-llegada-de-amlo-a-oaxaca-ejecutan-a-3-en-juchitan","status":"publish","type":"post","link":"https:\/\/zonaroja.com.mx\/?p=64881","title":{"rendered":"A dos d\u00edas de la llegada de AMLO a Oaxaca, ejecutan a 3 en Juchit\u00e1n"},"content":{"rendered":"\n<p>Raymundo Morales\/Zona Roja.<\/p>\n\n\n\n<p>Oaxaca de Ju\u00e1rez, Oax., a 2 de febrero de 2024.- A dos d\u00edas de la llegada del Presidente Andr\u00e9s Manuel L\u00f3pez Obrador a Oaxaca, tres personas fueron asesinadas esta ma\u00f1ana en Juchit\u00e1n de Zaragoza.&nbsp;<\/p>\n\n\n\n<p>De acuerdo con los primeros reportes informativos policiacos, las v\u00edctimas cuentan con antecedentes penales y estar\u00edan relacionados con narcomenudeo. <\/p>\n\n\n\n<p>Pese a que el triple homicidio fue a la luz del d\u00eda en una calle transitada de ese municipio de la regi\u00f3n del Istmo, no hubo detenidos, pues la polic\u00eda municipal, a cargo del presidente Miguel S\u00e1nchez Altamirano, de Morena, no actu\u00f3 a tiempo, como ha sucedido la mayor\u00eda de las ocasiones.  <\/p>\n\n\n\n<p>Fue alrededor de las 09:15 en que ocurri\u00f3 el asesinato, en la calle Mariano Montero de la colonia Guadalupe.&nbsp;<\/p>\n\n\n\n<p>Param\u00e9dicos del Heroico Cuerpo de Bomberos arribaron al sitio, pero corroboraron que ya no contaban con signos vitales. <\/p>\n\n\n\n<p>Las personas fallecidas fueron identificadas de manera preliminar como Fernando \u201cN\u201d, \u00d3scar L. y Jos\u00e9 A., con domicilio en la misma colonia Guadalupe.<\/p>\n\n\n\n<p>Personal de la Vicefiscal\u00eda Regional del Istmo inici\u00f3 las indagatorias correspondientes.&nbsp;<\/p>\n\n\n\n<p>Polic\u00edas municipales supuestamente efectuaron rondines de b\u00fasqueda, pero no dieron con los probables responsables.&nbsp;<\/p>\n\n\n\n<p><\/p>\n","protected":false},"excerpt":{"rendered":"<p>Raymundo Morales\/Zona Roja. Oaxaca de Ju\u00e1rez, Oax., a 2 de febrero de 2024.- A dos&hellip;<\/p>\n","protected":false},"author":2,"featured_media":64894,"comment_status":"closed","ping_status":"open","sticky":false,"template":"","format":"standard","meta":{"_lmt_disableupdate":"","_lmt_disable":"","_jetpack_memberships_contains_paid_content":false,"footnotes":""},"categories":[109,51],"tags":[],"class_list":["post-64881","post","type-post","status-publish","format-standard","has-post-thumbnail","hentry","category-minuto-a-minuto","category-zona-roja"],"jetpack_featured_media_url":"https:\/\/zonaroja.com.mx\/wp-content\/uploads\/2024\/02\/Tres-ejecutados-Juchitan.jpg","jetpack_sharing_enabled":true,"_links":{"self":[{"href":"https:\/\/zonaroja.com.mx\/index.php?rest_route=\/wp\/v2\/posts\/64881","targetHints":{"allow":["GET"]}}],"collection":[{"href":"https:\/\/zonaroja.com.mx\/index.php?rest_route=\/wp\/v2\/posts"}],"about":[{"href":"https:\/\/zonaroja.com.mx\/index.php?rest_route=\/wp\/v2\/types\/post"}],"author":[{"embeddable":true,"href":"https:\/\/zonaroja.com.mx\/index.php?rest_route=\/wp\/v2\/users\/2"}],"replies":[{"embeddable":true,"href":"https:\/\/zonaroja.com.mx\/index.php?rest_route=%2Fwp%2Fv2%2Fcomments&post=64881"}],"version-history":[{"count":1,"href":"https:\/\/zonaroja.com.mx\/index.php?rest_route=\/wp\/v2\/posts\/64881\/revisions"}],"predecessor-version":[{"id":64882,"href":"https:\/\/zonaroja.com.mx\/index.php?rest_route=\/wp\/v2\/posts\/64881\/revisions\/64882"}],"wp:featuredmedia":[{"embeddable":true,"href":"https:\/\/zonaroja.com.mx\/index.php?rest_route=\/wp\/v2\/media\/64894"}],"wp:attachment":[{"href":"https:\/\/zonaroja.com.mx\/index.php?rest_route=%2Fwp%2Fv2%2Fmedia&parent=64881"}],"wp:term":[{"taxonomy":"category","embeddable":true,"href":"https:\/\/zonaroja.com.mx\/index.php?rest_route=%2Fwp%2Fv2%2Fcategories&post=64881"},{"taxonomy":"post_tag","embeddable":true,"href":"https:\/\/zonaroja.com.mx\/index.php?rest_route=%2Fwp%2Fv2%2Ftags&post=64881"}],"curies":[{"name":"wp","href":"https:\/\/api.w.org\/{rel}","templated":true}]}}