{"id":64884,"date":"2024-02-02T14:44:57","date_gmt":"2024-02-02T20:44:57","guid":{"rendered":"http:\/\/www.zonaroja.com.mx\/?p=64884"},"modified":"2024-02-03T07:42:56","modified_gmt":"2024-02-03T13:42:56","slug":"otra-vez-niegan-suspension-a-toro-ferrer-para-detener-obra-en-ex-fabrica-de-triplay-consejeria-revela-mas-irregularidades","status":"publish","type":"post","link":"https:\/\/zonaroja.com.mx\/?p=64884","title":{"rendered":"Otra vez, niegan suspensi\u00f3n a Toro Ferrer para detener obra en ex f\u00e1brica de triplay; Consejer\u00eda revela m\u00e1s irregularidades"},"content":{"rendered":"\n<p>Yuridiana Sosa\/Zona Roja.<\/p>\n\n\n\n<p>Oaxaca de Ju\u00e1rez, Oax., 2 de febrero de 2024.- Nuevamente, otro juicio de suspensi\u00f3n provisional promovido por Enrique Toro Ferrer contra el decreto de expropiaci\u00f3n de la ex f\u00e1brica de triplay, fue negado.<\/p>\n\n\n\n<p>Ahora, el Juzgado Cuarto de Distrito, decidi\u00f3 negar la suspensi\u00f3n definitiva contra el decreto de expropiaci\u00f3n del \u00e1rea donde se ubicaba la antigua f\u00e1brica y ahora se construye el \u201cParque Primavera Oaxaque\u00f1a\u201d.&nbsp;<\/p>\n\n\n\n<p>La decisi\u00f3n sobre el expediente 861\/2023 se resolvi\u00f3 este 1 de febrero y publicado este 2 de febrero; el  juez consider\u00f3 que debe continuar los  efectos el decreto expropiatorio, por considerarse un asunto de inter\u00e9s p\u00fablico la construcci\u00f3n del Centro Cultural, Deportivo y de Manejo Ambiental denominado \u201cParque Primavera Oaxaque\u00f1a\u201d.<\/p>\n\n\n\n<p>Apenas el pasado 31 de enero el Segundo Tribunal Colegiado de Circuito en Materia Civil y Administrativa de Oaxaca, declar\u00f3 infundado el recurso de queja 62\/2024 promovido por Toro Ferrer para detener la construcci\u00f3n del espacio cultural y deportivo mencionado.<\/p>\n\n\n\n<p>HISTORIAL NEGRO<\/p>\n\n\n\n<p>En conferencia de prensa hoy, la Consejer\u00eda Jur\u00eddica del gobierno de Oaxaca y el Instituto Catastral exhibieron diversos documentos y tr\u00e1mites ilegales con los que Enrique Toro Ferrer se ha respaldado para despojar o apoderarse de predios, como pretende hacerlo con la ex f\u00e1brica de triplay.<\/p>\n\n\n\n<p>\u201cA sabiendas que tienen documentos ap\u00f3crifos, est\u00e1n insistiendo en entorpecer proyectos que son buenos para el pueblo de Oaxaca\u201d, se\u00f1al\u00f3 el titular de la Consejer\u00eda, Geovany V\u00e1squez Sagrero, quien agreg\u00f3 que investigan &nbsp;a fondo todas las irregularidades. &nbsp;<\/p>\n\n\n\n<p>Por medio de documentaci\u00f3n, explic\u00f3 que Toro Ferrer, supuestamente como representante de tres personas, &nbsp;Mar\u00eda Elena Medina, Jes\u00fas Adri\u00e1n y Daniel Sierra, pelea un total de 12 hect\u00e1reas en la antigua f\u00e1brica de triplay.&nbsp;<\/p>\n\n\n\n<p>Anteriormente, con aliados en Catastro y en oficinas particulares de este \u00e1mbito &nbsp;exped\u00eda constancias registrales y c\u00e9dulas catastrales.<\/p>\n\n\n\n<p>Los tres ciudadanos que \u00e9l representa aparecen en juicios simulados y con documentos que han sido tildados de ap\u00f3crifos.<\/p>\n\n\n\n<p>En este plan aparece una se\u00f1ora que se llama Mar\u00eda Elena Medina Jes\u00fas Adri\u00e1n y Daniel cierra la primera la de mayor extensi\u00f3n. <\/p>\n\n\n\n<p>De acuerdo con la investigaci\u00f3n liderada por la Consejer\u00eda Jur\u00eddica, el gobierno de Oaxaca hall\u00f3 &nbsp;un acta de defunci\u00f3n de la se\u00f1ora Mar\u00eda Elena Medina, con fecha de marzo de 2022, sin embargo, Toro Ferrer, con un supuesto poder notarial promovi\u00f3 en 2023 juicios de amparo, el cual queda sin efecto.<\/p>\n\n\n\n<p>Adem\u00e1s de representar a una persona fallecida, Toro Ferrer ha &nbsp;litigado por a\u00f1os con un poder que no tiene firma, solamente con una supuesta copia certificada.<\/p>\n\n\n\n<p>En 2016 se levant\u00f3 el documento, pero hay una certificaci\u00f3n del mismo notario, Arturo David V\u00e1zquez Urdiales, que dice: \u201c no pas\u00f3\u201d, &nbsp;en t\u00e9rminos del art\u00edculo 71 de la Ley de Notarios en vigor por falta de firma \u2013de Elena Medina- como se observa y consta .<\/p>\n\n\n\n<p>\u201cHa ocupado este poder donde dice que es el primer testimonio sacado del original y con esto ha enga\u00f1ado y en otras veces coludido con la autoridad en otros gobiernos para despojar\u201d, expres\u00f3 el consejero.<\/p>\n\n\n\n<p>V\u00e1squez Sagrero asever\u00f3: \u201cNosotros no vamos a permitir que se quieran burlar de la justicia y que se quieran burlar de las autoridades competentes en cada uno de los ramos\u201d.&nbsp;<\/p>\n\n\n\n<p>Es as\u00ed que con ese documento pelea poco m\u00e1s de seis hect\u00e1reas de la ex f\u00e1brica y con el &nbsp;cual ganaba todos los casos con el anterior Tribunal de Justicia Administrativa.<\/p>\n\n\n\n<p>En la escritura de Jes\u00fas Adri\u00e1n tramit\u00f3 un juicio de car\u00e1cter civil en el Juzgado de Teposcolula, por un predio que se encuentra en el distrito judicial del centro, en el que demandan el otorgamiento de contrato ante una promesa de compraventa por parte de Jes\u00fas Adri\u00e1n.&nbsp;<\/p>\n\n\n\n<p>En una visita especial a la Notar\u00eda de Rogelio Chagoya&nbsp; Romero, se constat\u00f3 la falsedad de escrituras y con la que se quieren apoderar de una parte de la ex f\u00e1brica de triplay.&nbsp;<\/p>\n\n\n\n<p>Sobre el \u00faltimo juicio de amparo, que fue desechado, fue promovido por Daniel Sierra.<\/p>\n\n\n\n<p>Sin embargo, se detectaron m\u00e1s ilegalidades, inform\u00f3 el director general del Instituto Catastral, Gilberto Melo Guzm\u00e1n.<\/p>\n\n\n\n<p>RECURREN A FISCAL\u00cdA ANTICORRUPCI\u00d3N<\/p>\n\n\n\n<p>Ante los diversos actos de Enrique Toro Ferrer, que involucran a notarios, el gobierno present\u00f3 denuncias a la Fiscal\u00eda Anticorrupci\u00f3n.<\/p>\n\n\n\n<p>Gilberto Melo Guzm\u00e1n detall\u00f3 que en el caso de Daniel Sierra se present\u00f3 una situaci\u00f3n particular.<\/p>\n\n\n\n<p>Indic\u00f3 que en diciembre de 2022 present\u00f3 en oficial\u00eda de partes un escrito en el que pide que le reimpriman una c\u00e9dula.&nbsp;<\/p>\n\n\n\n<p>Tras una b\u00fasqueda, la dependencia notific\u00f3 en enero&nbsp; que no obran en los acervos del Instituto. Tal cuenta y c\u00e9dula catastral, pero el ciudadano inconforme con la respuesta volvi\u00f3 a solicitar la c\u00e9dula.<\/p>\n\n\n\n<p>Pero, adem\u00e1s, &nbsp;pide actuar para determinar un proceso de una denuncia en la que indica el robo del expediente, es decir , \u201cquer\u00eda llevarnos en su estrategia, &nbsp;pero nosotros volvemos a solicitar la b\u00fasqueda y notificamos y rectificamos que no tenemos ning\u00fan expediente de esa c\u00e9dula catastral\u201d, &nbsp;inform\u00f3 el director general del Instituto Catastral, Gilberto Melo Guzm\u00e1n.<\/p>\n\n\n\n<p>Por esos actos, dieron aviso a la Secretar\u00eda de Honestidad, a la direcci\u00f3n de quejas y denuncias, para una investigaci\u00f3n porque aparentemente este documento del que solicitan una reimpresi\u00f3n no cuenta con el folio.&nbsp;<\/p>\n\n\n\n<p>As\u00ed tambi\u00e9n se detect\u00f3 que la supuesta c\u00e9dula est\u00e1 firmada por una ex servidora p\u00fablica de Catastro, que se desempe\u00f1\u00f3 como de coordinadora de enlace municipal, en esa fecha que se\u00f1ala el documento los coordinadores no ten\u00edan facultades de firmar c\u00e9dulas catastrales.<\/p>\n\n\n\n<p>Para aclarar el asunto, la ex funcionaria compareci\u00f3 e indic\u00f3 que ella no firm\u00f3, desconoc\u00eda el documento y reconoci\u00f3 que no estaba facultada para ello.<\/p>\n\n\n\n<p>Melo Guzm\u00e1n report\u00f3 que el &nbsp;ciudadano promovi\u00f3 una queja de amparo, pero el departamento jur\u00eddico respondi\u00f3 con el informe del&nbsp; documento, por lo que el Juez Tercero de Distrito, donde se radic\u00f3 el amparo en abril de 2023, se qued\u00f3 en mutis total y el gobierno no ha vuelto a recibir &nbsp;ninguna notificaci\u00f3n.&nbsp;<\/p>\n\n\n\n<p>El funcionario se\u00f1al\u00f3 que se procedi\u00f3 a la Fiscal\u00eda Anticorrupci\u00f3n para realizar las denuncias correspondientes, porque esta c\u00e9dula catastral &nbsp;ap\u00f3crifa tuvo que pasar por la certificaci\u00f3n de notario p\u00fablico de Oaxaca que en este caso fue Rodolfo Morales Moreno.<\/p>\n\n\n\n<p>Expres\u00f3 que requieren a la instituci\u00f3n de justicia para aclarar el caso y se imparta la justicia y se exhiba -dentro de otras peticiones que se reservan- &nbsp;el original de ese documento que dice el notario que tuvo a la vista.<\/p>\n","protected":false},"excerpt":{"rendered":"<p>Yuridiana Sosa\/Zona Roja. Oaxaca de Ju\u00e1rez, Oax., 2 de febrero de 2024.- Nuevamente, otro juicio&hellip;<\/p>\n","protected":false},"author":2,"featured_media":64895,"comment_status":"closed","ping_status":"open","sticky":false,"template":"","format":"standard","meta":{"_lmt_disableupdate":"","_lmt_disable":"","_jetpack_memberships_contains_paid_content":false,"footnotes":""},"categories":[109,46],"tags":[],"class_list":["post-64884","post","type-post","status-publish","format-standard","has-post-thumbnail","hentry","category-minuto-a-minuto","category-zona-blanca"],"jetpack_featured_media_url":"https:\/\/zonaroja.com.mx\/wp-content\/uploads\/2024\/02\/Geovany-Vasquez-Consejeria-Juridica.jpg","jetpack_sharing_enabled":true,"_links":{"self":[{"href":"https:\/\/zonaroja.com.mx\/index.php?rest_route=\/wp\/v2\/posts\/64884","targetHints":{"allow":["GET"]}}],"collection":[{"href":"https:\/\/zonaroja.com.mx\/index.php?rest_route=\/wp\/v2\/posts"}],"about":[{"href":"https:\/\/zonaroja.com.mx\/index.php?rest_route=\/wp\/v2\/types\/post"}],"author":[{"embeddable":true,"href":"https:\/\/zonaroja.com.mx\/index.php?rest_route=\/wp\/v2\/users\/2"}],"replies":[{"embeddable":true,"href":"https:\/\/zonaroja.com.mx\/index.php?rest_route=%2Fwp%2Fv2%2Fcomments&post=64884"}],"version-history":[{"count":1,"href":"https:\/\/zonaroja.com.mx\/index.php?rest_route=\/wp\/v2\/posts\/64884\/revisions"}],"predecessor-version":[{"id":64885,"href":"https:\/\/zonaroja.com.mx\/index.php?rest_route=\/wp\/v2\/posts\/64884\/revisions\/64885"}],"wp:featuredmedia":[{"embeddable":true,"href":"https:\/\/zonaroja.com.mx\/index.php?rest_route=\/wp\/v2\/media\/64895"}],"wp:attachment":[{"href":"https:\/\/zonaroja.com.mx\/index.php?rest_route=%2Fwp%2Fv2%2Fmedia&parent=64884"}],"wp:term":[{"taxonomy":"category","embeddable":true,"href":"https:\/\/zonaroja.com.mx\/index.php?rest_route=%2Fwp%2Fv2%2Fcategories&post=64884"},{"taxonomy":"post_tag","embeddable":true,"href":"https:\/\/zonaroja.com.mx\/index.php?rest_route=%2Fwp%2Fv2%2Ftags&post=64884"}],"curies":[{"name":"wp","href":"https:\/\/api.w.org\/{rel}","templated":true}]}}