{"id":64886,"date":"2024-02-02T17:22:59","date_gmt":"2024-02-02T23:22:59","guid":{"rendered":"http:\/\/www.zonaroja.com.mx\/?p=64886"},"modified":"2024-02-02T17:23:01","modified_gmt":"2024-02-02T23:23:01","slug":"anuncia-red-osmo-diplomado-en-investigacion-clinica-en-oaxaca","status":"publish","type":"post","link":"https:\/\/zonaroja.com.mx\/?p=64886","title":{"rendered":"Anuncia Red OSMO diplomado en Investigaci\u00f3n Cl\u00ednica en Oaxaca"},"content":{"rendered":"\n<p>Yuridiana Sosa\/Zona Roja.<\/p>\n\n\n\n<p>Oaxaca de Ju\u00e1rez, Oax., 2 de febrero de 2024.- Al se\u00f1alar que la investigaci\u00f3n cl\u00ednica es parte fundamental para el desarrollo de la salud en la comunidad, el director del corporativo Red OSMO, V\u00edctor Boh\u00f3rquez L\u00f3pez, resalt\u00f3 la importancia del primer diplomado en la materia para la profesionalizaci\u00f3n en el \u00e1rea blanca.<\/p>\n\n\n\n<p>Durante la presentaci\u00f3n del diplomado \u201cInvestigaci\u00f3n cl\u00ednica\u201d, entre Red OSMO y la Universidad Regional del Sureste de Oaxaca Urse),&nbsp; el director del corporativo destac\u00f3 que \u201cSiempre hay que hacer cosas que vayan m\u00e1s all\u00e1, y que realmente demostremos que en nuestro estado hacemos cosas bien y podemos superar las expectativa\u201d.<\/p>\n\n\n\n<p>Frente a los asistentes, directivos de la Urse y representantes del gobierno del estado, Boh\u00f3rquez L\u00f3pez apunt\u00f3 que detr\u00e1s de este proyecto existe un &nbsp;gran equipo de colaboradores, con el que se tuvo diversas reuniones de trabajo durante seis meses con el fin de ofrecer un diplomado de trascendencia.<\/p>\n\n\n\n<p>&nbsp;Destac\u00f3 que con la investigaci\u00f3n cl\u00ednica es posible el desarrollo de nuevos medicamentos, nuevos dispositivos y es un aliada en la prevenci\u00f3n, por todo ello, para la URSE y Red OSMO es importante que tras este primer diplomado m\u00e1s instituciones se integren a la profesionalizaci\u00f3n es esta \u00e1rea.<\/p>\n\n\n\n<p>En ese sentido, consider\u00f3 importante estimular a los j\u00f3venes a que se formen m\u00e1s en investigaci\u00f3n cl\u00ednica, pues \u201csi todos contribuimos, hacemos m\u00e1s ciencia y podemos tener una mejor salud en comunidad\u201d.<\/p>\n\n\n\n<p>RETOS Y COMPROMISOS<\/p>\n\n\n\n<p>La directora de calidad de Red OSMO, Leslie Moncada Palacios, apunt\u00f3 que este a\u00f1o el corporativo cumple 15 a\u00f1os investigando para la vida y durante este tiempo se ha enfrentado a varios retos, uno de estos ha sido contribuir a la investigaci\u00f3n cl\u00ednica con personal altamente capacitado, pero a su vez, se han enfrentado al desconocimiento de la sociedad en este \u00e1mbito.<\/p>\n\n\n\n<p>&nbsp;La pandemia por Covid, dijo, permiti\u00f3 demostrar &nbsp;a la sociedad oaxaque\u00f1a su trabajo de &nbsp;investigaci\u00f3n basada en valores \u00e9ticos, integrales y confiables.<\/p>\n\n\n\n<p>Marcos Reyes Ter\u00e1n, &nbsp;de la Secretar\u00eda de Educaci\u00f3n P\u00fablica de Oaxaca, comprometi\u00f3 a la instituci\u00f3n para difundir este diplomado dentro de la planta docente de todas las instituciones de educaci\u00f3n superior en el \u00e1rea blanca.<\/p>\n\n\n\n<p>Subray\u00f3 la importancia de que haya m\u00e1s profesionistas con el grado de doctores &nbsp;en la educaci\u00f3n superior de Oaxaca y que puedan formar parte del sistema nacional de investigadores.<\/p>\n\n\n\n<p>El director de la URSE, Miguel \u00e1ngel Hern\u00e1ndez, llam\u00f3 a los profesionales del \u00e1rea blanca y todas aquellas personas que tienen inclinaci\u00f3n por la investigaci\u00f3n a ser parte del primer diplomado en investigaci\u00f3n cl\u00ednica.<\/p>\n\n\n\n<p>Por su parte, la coordinadora general de la URSE, Patricia Vargas, explic\u00f3 que el diplomado surge como una estrategia para formar profesionistas que est\u00e9n interesados en incursionar en el mundo de la investigaci\u00f3n cl\u00ednica.<\/p>\n\n\n\n<p>Adem\u00e1s, el diplomado tiene como prop\u00f3sito que las personas que lo reciban puedan desarrollar habilidades que les permitan en un momento determinado, dentro de sus espacios, impulsar y desarrollar investigaciones.<\/p>\n","protected":false},"excerpt":{"rendered":"<p>Yuridiana Sosa\/Zona Roja. Oaxaca de Ju\u00e1rez, Oax., 2 de febrero de 2024.- Al se\u00f1alar que&hellip;<\/p>\n","protected":false},"author":2,"featured_media":64876,"comment_status":"closed","ping_status":"open","sticky":false,"template":"","format":"standard","meta":{"_lmt_disableupdate":"","_lmt_disable":"","_jetpack_memberships_contains_paid_content":false,"footnotes":""},"categories":[109,46],"tags":[3100],"class_list":["post-64886","post","type-post","status-publish","format-standard","has-post-thumbnail","hentry","category-minuto-a-minuto","category-zona-blanca","tag-red-osmo-oaxaca"],"jetpack_featured_media_url":"https:\/\/zonaroja.com.mx\/wp-content\/uploads\/2024\/02\/Red-OSMO-presentacion-diplomado.jpg","jetpack_sharing_enabled":true,"_links":{"self":[{"href":"https:\/\/zonaroja.com.mx\/index.php?rest_route=\/wp\/v2\/posts\/64886","targetHints":{"allow":["GET"]}}],"collection":[{"href":"https:\/\/zonaroja.com.mx\/index.php?rest_route=\/wp\/v2\/posts"}],"about":[{"href":"https:\/\/zonaroja.com.mx\/index.php?rest_route=\/wp\/v2\/types\/post"}],"author":[{"embeddable":true,"href":"https:\/\/zonaroja.com.mx\/index.php?rest_route=\/wp\/v2\/users\/2"}],"replies":[{"embeddable":true,"href":"https:\/\/zonaroja.com.mx\/index.php?rest_route=%2Fwp%2Fv2%2Fcomments&post=64886"}],"version-history":[{"count":1,"href":"https:\/\/zonaroja.com.mx\/index.php?rest_route=\/wp\/v2\/posts\/64886\/revisions"}],"predecessor-version":[{"id":64887,"href":"https:\/\/zonaroja.com.mx\/index.php?rest_route=\/wp\/v2\/posts\/64886\/revisions\/64887"}],"wp:featuredmedia":[{"embeddable":true,"href":"https:\/\/zonaroja.com.mx\/index.php?rest_route=\/wp\/v2\/media\/64876"}],"wp:attachment":[{"href":"https:\/\/zonaroja.com.mx\/index.php?rest_route=%2Fwp%2Fv2%2Fmedia&parent=64886"}],"wp:term":[{"taxonomy":"category","embeddable":true,"href":"https:\/\/zonaroja.com.mx\/index.php?rest_route=%2Fwp%2Fv2%2Fcategories&post=64886"},{"taxonomy":"post_tag","embeddable":true,"href":"https:\/\/zonaroja.com.mx\/index.php?rest_route=%2Fwp%2Fv2%2Ftags&post=64886"}],"curies":[{"name":"wp","href":"https:\/\/api.w.org\/{rel}","templated":true}]}}