{"id":64890,"date":"2024-02-02T20:22:06","date_gmt":"2024-02-03T02:22:06","guid":{"rendered":"http:\/\/www.zonaroja.com.mx\/?p=64890"},"modified":"2024-02-02T20:22:08","modified_gmt":"2024-02-03T02:22:08","slug":"regresa-la-4t-ruta-aerea-al-istmo-de-tehuantepec","status":"publish","type":"post","link":"https:\/\/zonaroja.com.mx\/?p=64890","title":{"rendered":"Regresa la 4T ruta a\u00e9rea al Istmo de Tehuantepec"},"content":{"rendered":"\n<p>Redacci\u00f3n\/Zona Roja.<\/p>\n\n\n\n<p>Oaxaca de Ju\u00e1rez, Oax., 2 de febrero de 2024.- A partir de este viernes, la regi\u00f3n del Istmo de Tehuantepec qued\u00f3 conectado nuevamente v\u00eda a\u00e9rea con la capital del pa\u00eds.<\/p>\n\n\n\n<p>La nueva Mexicana de Aviaci\u00f3n inici\u00f3 operaciones Ciudad de M\u00e9xico-Ciudad Ixtepec-Ciudad de M\u00e9xico, con una frecuencia de tres d\u00edas a la semana.<\/p>\n\n\n\n<p>\u201cAcompa\u00f1amos este hecho hist\u00f3rico en el Istmo de Tehuantepec, la Cuarta Transformaci\u00f3n avanza, con el ferrocarril, el puerto mar\u00edtimo y ahora por aire, y en agosto se inaugurar\u00e1 la s\u00faper carretera Mitla-Tehuantepec\u201d, expres\u00f3 el mandatario Salom\u00f3n Jara Cruz, al inaugurar el vuelo.<\/p>\n\n\n\n<p>Dijo que el rescate de Mexicana de Aviaci\u00f3n representa el inter\u00e9s del Presidente Andr\u00e9s Manuel L\u00f3pez Obrador por generar mejores condiciones de conectividad para el sur sureste del pa\u00eds, \u201cuna ruta de bienestar para Oaxaca\u201d.&nbsp; &nbsp;<\/p>\n\n\n\n<p>La ruta que partir\u00e1 del Aeropuerto Internacional Felipe \u00c1ngeles (AIFA) contar\u00e1 con un equipo Embraer-145 con tres frecuencias semanales los lunes, mi\u00e9rcoles y viernes, generando una oferta de 600 asientos mensuales estimados, inform\u00f3 la secretaria de Turismo, Saymi Pineda Velasco.<\/p>\n\n\n\n<p>Enfatiz\u00f3 que los indicadores que genere el nuevo vuelo abonar\u00e1n al crecimiento de la conectividad a\u00e9rea, que en el a\u00f1o 2023 registr\u00f3 15 mil 54 frecuencias hacia destinos nacionales e internacionales, y 3 millones 528 mil 150 personas atendidas, en los aeropuertos de Oaxaca, Bah\u00edas de Huatulco y Puerto Escondido.<\/p>\n\n\n\n<p>\u201cEl Presidente de la Rep\u00fablica Andr\u00e9s Manuel L\u00f3pez Obrador anunci\u00f3 el regreso de la aerol\u00ednea Mexicana de Aviaci\u00f3n, y con ello, se reafirm\u00f3 la esperanza de contar con una opci\u00f3n m\u00e1s para lograr reconectar este destino con la capital del pa\u00eds\u201d, resalt\u00f3.<\/p>\n\n\n\n<p>En el evento se inform\u00f3 que&nbsp; a casi un a\u00f1o de la ausencia de operaciones comerciales en la terminal, la llegada de esta aerol\u00ednea a la regi\u00f3n del Istmo colocar\u00e1 a Oaxaca en la ruta correcta para convertirse en un referente de desarrollo econ\u00f3mico en el pa\u00eds, y coadyuvar\u00e1 al fortalecimiento de la conectividad a\u00e9rea y la actividad tur\u00edstica.<\/p>\n\n\n\n<p>Con los proyectos de transformaci\u00f3n que promueve el Gobierno de M\u00e9xico, con el impulso del Gobierno del Estado de Oaxaca, m\u00e1s personas podr\u00e1n conocer las riquezas culturales y naturales de la entidad, elevando la calidad de vida para el pueblo oaxaque\u00f1o.<\/p>\n\n\n\n<p>En su oportunidad, la presidenta municipal de Ciudad Ixtepec, Gabriela Olivera L\u00f3pez agradeci\u00f3 a los gobiernos estatal y federal por priorizar el desarrollo de la regi\u00f3n del Istmo, lo cual tendr\u00e1 beneficios para sus habitantes.<\/p>\n","protected":false},"excerpt":{"rendered":"<p>Redacci\u00f3n\/Zona Roja. Oaxaca de Ju\u00e1rez, Oax., 2 de febrero de 2024.- A partir de este&hellip;<\/p>\n","protected":false},"author":2,"featured_media":64891,"comment_status":"closed","ping_status":"open","sticky":false,"template":"","format":"standard","meta":{"_lmt_disableupdate":"","_lmt_disable":"","_jetpack_memberships_contains_paid_content":false,"footnotes":""},"categories":[109,46],"tags":[939],"class_list":["post-64890","post","type-post","status-publish","format-standard","has-post-thumbnail","hentry","category-minuto-a-minuto","category-zona-blanca","tag-salomon-jara-cruz"],"jetpack_featured_media_url":"https:\/\/zonaroja.com.mx\/wp-content\/uploads\/2024\/02\/Vuelo-Mexicana-Ciudad-Ixtepec.jpeg","jetpack_sharing_enabled":true,"_links":{"self":[{"href":"https:\/\/zonaroja.com.mx\/index.php?rest_route=\/wp\/v2\/posts\/64890","targetHints":{"allow":["GET"]}}],"collection":[{"href":"https:\/\/zonaroja.com.mx\/index.php?rest_route=\/wp\/v2\/posts"}],"about":[{"href":"https:\/\/zonaroja.com.mx\/index.php?rest_route=\/wp\/v2\/types\/post"}],"author":[{"embeddable":true,"href":"https:\/\/zonaroja.com.mx\/index.php?rest_route=\/wp\/v2\/users\/2"}],"replies":[{"embeddable":true,"href":"https:\/\/zonaroja.com.mx\/index.php?rest_route=%2Fwp%2Fv2%2Fcomments&post=64890"}],"version-history":[{"count":1,"href":"https:\/\/zonaroja.com.mx\/index.php?rest_route=\/wp\/v2\/posts\/64890\/revisions"}],"predecessor-version":[{"id":64892,"href":"https:\/\/zonaroja.com.mx\/index.php?rest_route=\/wp\/v2\/posts\/64890\/revisions\/64892"}],"wp:featuredmedia":[{"embeddable":true,"href":"https:\/\/zonaroja.com.mx\/index.php?rest_route=\/wp\/v2\/media\/64891"}],"wp:attachment":[{"href":"https:\/\/zonaroja.com.mx\/index.php?rest_route=%2Fwp%2Fv2%2Fmedia&parent=64890"}],"wp:term":[{"taxonomy":"category","embeddable":true,"href":"https:\/\/zonaroja.com.mx\/index.php?rest_route=%2Fwp%2Fv2%2Fcategories&post=64890"},{"taxonomy":"post_tag","embeddable":true,"href":"https:\/\/zonaroja.com.mx\/index.php?rest_route=%2Fwp%2Fv2%2Ftags&post=64890"}],"curies":[{"name":"wp","href":"https:\/\/api.w.org\/{rel}","templated":true}]}}