{"id":64898,"date":"2024-02-02T21:09:15","date_gmt":"2024-02-03T03:09:15","guid":{"rendered":"http:\/\/www.zonaroja.com.mx\/?p=64898"},"modified":"2024-02-02T21:09:16","modified_gmt":"2024-02-03T03:09:16","slug":"ambicion-de-edil-de-san-pablo-coatlan-general-primer-bloqueo-a-supercarretera","status":"publish","type":"post","link":"https:\/\/zonaroja.com.mx\/?p=64898","title":{"rendered":"Ambici\u00f3n de edil de San Pablo Coatl\u00e1n general primer bloqueo a supercarretera"},"content":{"rendered":"\n<p>Yuridiana Sosa\/Zona Roja.<\/p>\n\n\n\n<p>Oaxaca de Ju\u00e1rez, Oax., 2 de febrero de 2024.- A menos de 48 horas que el presidente de M\u00e9xico, Andr\u00e9s Manuel L\u00f3pez Obrador, inaugure el tramo Barranca Larga-Ventanilla, de la supercarretera Oaxaca-Costa, &nbsp;ya presenta su primer l\u00edo entre transportistas.<\/p>\n\n\n\n<p>Choferes de diversas empresas bloquearon la vialidad ante una restricci\u00f3n de paso que impuso una nueva l\u00ednea de transporte encabezada por el edil de San Pablo Coatl\u00e1n, Abraham L\u00f3pez Mart\u00ednez.<\/p>\n\n\n\n<p>De acuerdo a los quejosos de las \u00abL\u00edneas Unidas\u201d, \u201cVilla Escondida\u201d y \u201cDelfines\u201d &nbsp;la protesta podr\u00eda ser&nbsp;de forma indefinida &nbsp;hasta que haya soluci\u00f3n a la negativa de paso; no obstante, luego de unas tres horas, se retir\u00f3 la manifestaci\u00f3n.<\/p>\n\n\n\n<p>A finales de enero, el edil de San Pablo&nbsp; Coatl\u00e1n, quien ha ocupado varias veces el cargo en su comunidad, conform\u00f3 junto con otros presidentes de la zona una flota de Urvan denominada Ruta Coatlanes Costa, que pondr\u00e1 en marcha el lunes pr\u00f3ximo, a partir de lo cualno permitir\u00e1 que las camionetas pasajeras de otras empresas operen en la zona.<\/p>\n\n\n\n<p>L\u00f3pez Mart\u00ednez, quien se identific\u00f3 por varios a\u00f1os como priista y ahora busca la diputaci\u00f3n de Miahuatl\u00e1n por Morena, &nbsp;justifica que se trata de una empresa comunitaria para que todas las comunidades de la zona intervenida con la carretera se vean beneficiadas.<\/p>\n\n\n\n<p>El bloqueo tambi\u00e9n gener\u00f3 la suspensi\u00f3n de las obras que a\u00fan se realizan en la supercarretera, la cual ser\u00e1 puesta en marcha con varios tramos inconclusos.<\/p>\n\n\n\n<p>La nueva flotilla de camionetas tipo urvan fue promovida tambi\u00e9n por los presidentes municipales de San Vicente Coatl\u00e1n, Yogana, San Pablo Coatl\u00e1n, San Sebasti\u00e1n Coatl\u00e1n y Santa Mar\u00eda Colotepec.<\/p>\n\n\n\n<p>En su operaci\u00f3n participar\u00e1n habitantes de San Vicente Coatl\u00e1n, Yogana, San Pedro Coatl\u00e1n, Santa Catarina Coatl\u00e1n, San Pablo Coatl\u00e1n, San Sebasti\u00e1n Coatl\u00e1n, de San Jos\u00e9 Cieneguilla Coatl\u00e1n, San Francisco Coatl\u00e1n, San Antonio Lalana Coatl\u00e1n, San Isidro Comitl\u00e1n Coatl\u00e1n y Santa Mar\u00eda Colotepec.<\/p>\n","protected":false},"excerpt":{"rendered":"<p>Yuridiana Sosa\/Zona Roja. Oaxaca de Ju\u00e1rez, Oax., 2 de febrero de 2024.- A menos de&hellip;<\/p>\n","protected":false},"author":2,"featured_media":64896,"comment_status":"closed","ping_status":"open","sticky":false,"template":"","format":"standard","meta":{"_lmt_disableupdate":"","_lmt_disable":"","_jetpack_memberships_contains_paid_content":false,"footnotes":""},"categories":[109,47],"tags":[1442],"class_list":["post-64898","post","type-post","status-publish","format-standard","has-post-thumbnail","hentry","category-minuto-a-minuto","category-zona-gris","tag-supercarretera-oaxaca-costa-coatlan"],"jetpack_featured_media_url":"https:\/\/zonaroja.com.mx\/wp-content\/uploads\/2024\/02\/Bloqueo-supercarretera-Oaxaca-Costa.jpg","jetpack_sharing_enabled":true,"_links":{"self":[{"href":"https:\/\/zonaroja.com.mx\/index.php?rest_route=\/wp\/v2\/posts\/64898","targetHints":{"allow":["GET"]}}],"collection":[{"href":"https:\/\/zonaroja.com.mx\/index.php?rest_route=\/wp\/v2\/posts"}],"about":[{"href":"https:\/\/zonaroja.com.mx\/index.php?rest_route=\/wp\/v2\/types\/post"}],"author":[{"embeddable":true,"href":"https:\/\/zonaroja.com.mx\/index.php?rest_route=\/wp\/v2\/users\/2"}],"replies":[{"embeddable":true,"href":"https:\/\/zonaroja.com.mx\/index.php?rest_route=%2Fwp%2Fv2%2Fcomments&post=64898"}],"version-history":[{"count":1,"href":"https:\/\/zonaroja.com.mx\/index.php?rest_route=\/wp\/v2\/posts\/64898\/revisions"}],"predecessor-version":[{"id":64899,"href":"https:\/\/zonaroja.com.mx\/index.php?rest_route=\/wp\/v2\/posts\/64898\/revisions\/64899"}],"wp:featuredmedia":[{"embeddable":true,"href":"https:\/\/zonaroja.com.mx\/index.php?rest_route=\/wp\/v2\/media\/64896"}],"wp:attachment":[{"href":"https:\/\/zonaroja.com.mx\/index.php?rest_route=%2Fwp%2Fv2%2Fmedia&parent=64898"}],"wp:term":[{"taxonomy":"category","embeddable":true,"href":"https:\/\/zonaroja.com.mx\/index.php?rest_route=%2Fwp%2Fv2%2Fcategories&post=64898"},{"taxonomy":"post_tag","embeddable":true,"href":"https:\/\/zonaroja.com.mx\/index.php?rest_route=%2Fwp%2Fv2%2Ftags&post=64898"}],"curies":[{"name":"wp","href":"https:\/\/api.w.org\/{rel}","templated":true}]}}