{"id":64901,"date":"2024-02-03T07:04:42","date_gmt":"2024-02-03T13:04:42","guid":{"rendered":"http:\/\/www.zonaroja.com.mx\/?p=64901"},"modified":"2024-02-03T07:04:43","modified_gmt":"2024-02-03T13:04:43","slug":"asesinaron-a-tres-trabajadores-de-escuela-en-guerrero-hay-otro-ejecutado","status":"publish","type":"post","link":"https:\/\/zonaroja.com.mx\/?p=64901","title":{"rendered":"Asesinaron a tres trabajadores de escuela en Guerrero; hay otro ejecutado"},"content":{"rendered":"\n<p>Redacci\u00f3n\/Zona Roja Cdmx.<\/p>\n\n\n\n<p>Ciudad de M\u00e9xico, a 3 de febrero de 2024.- Tres d\u00edas despu\u00e9s de su desaparici\u00f3n, fueron localizados sin vida los cuerpos de tres trabajadores del Centro de Bachillerato Tecnol\u00f3gico Industrial y de Servicios (Cbetis) 178, ubicado en Tlapa, Guerrero.<\/p>\n\n\n\n<p>Se trata de Bonfilio Herrera, Iroel Basilio y Emmanuel Gonz\u00e1lez, quienes habr\u00edan sido asesinados a balazos; fueron vistos por \u00faltima vez el 31 de enero, cuando regresaban de Chilpancingo, seg\u00fan informaci\u00f3n del diario \u201cLa Jornada\u201d.<\/p>\n\n\n\n<p>Tambi\u00e9n en Guerrero, un joven fue ejecutado a balazos cerca de la cabecera municipal de Taxco, a pesar de la presencia del Ej\u00e9rcito y las corporaciones policiacas.&nbsp;<\/p>\n\n\n\n<p>En dicha demarcaci\u00f3n un comando atac\u00f3 a balazos el restaurante de comida china Tai Lai. En el ataque un cocinero qued\u00f3 herido de gravedad, rese\u00f1a el diario \u201cLa Jornada\u201d.<\/p>\n\n\n\n<p>En la autopista M\u00e9xico-Acapulco un hombre que iba con su familia fue baleado y despojado de su camioneta Toyota color blanco, con placas de circulaci\u00f3n LF-000-26 de Toluca.<\/p>\n\n\n\n<p>EN MICHOAC\u00c1N<\/p>\n\n\n\n<p>En Michoac\u00e1n, Alberto G, alias La Peggy, integrante del c\u00e1rtel delictivo \u201cLos Viagras\u201d, encargado de cobrar cuotas a los limoneros de la regi\u00f3n del Valle de Apatzing\u00e1n, fue detenido la madrugada del viernes por elementos de seguridad federales y estatales, inform\u00f3 la Fiscal\u00eda General del Estado.&nbsp;<\/p>\n\n\n\n<p>El detenido es investigado por el delito de extorsi\u00f3n contra productores de lim\u00f3n de la Tierra Caliente, por lo que ser\u00e1 puesto a disposici\u00f3n del \u00f3rgano jurisdiccional para que resuelva su situaci\u00f3n jur\u00eddica.<\/p>\n\n\n\n<p>EN QUINTANA ROO<\/p>\n\n\n\n<p>El cabildo de Benito Ju\u00e1rez, cuya cabecera municipal es Canc\u00fan, removi\u00f3 ayer al titular de la Secretar\u00eda de Seguridad Ciudadana y Tr\u00e1nsito, Jos\u00e9 Pablo Mathey Cruz, y nombr\u00f3 al capit\u00e1n de Nav\u00edo, Carlos Ernesto D\u2019Amiano Samoano, nuevo jefe policiaco.<\/p>\n\n\n\n<p>Este cambio se hizo d\u00edas despu\u00e9s del hallazgo de cinco cad\u00e1veres en Bonfil, a los que se sumaron otros dos asesinados en Canc\u00fan, y dos cuerpos m\u00e1s que fueron hallados en una obra a pocas cuadras del lugar del primer hecho.&nbsp;<\/p>\n\n\n\n<p>El general brigadier V\u00edctor Hugo Ch\u00e1vez Mart\u00ednez asumi\u00f3 ayer la titularidad de la Secretar\u00eda de Seguridad y Protecci\u00f3n Ciudadana de Tabasco, en sustituci\u00f3n de Jos\u00e9 del Carmen Castillo Ram\u00edrez, quien estuvo unos d\u00edas como encargado de despacho, seg\u00fan la informaci\u00f3n publicada por el diario \u201cLa Jornada\u201d.<\/p>\n","protected":false},"excerpt":{"rendered":"<p>Redacci\u00f3n\/Zona Roja Cdmx. Ciudad de M\u00e9xico, a 3 de febrero de 2024.- Tres d\u00edas despu\u00e9s&hellip;<\/p>\n","protected":false},"author":2,"featured_media":64904,"comment_status":"closed","ping_status":"open","sticky":false,"template":"","format":"standard","meta":{"_lmt_disableupdate":"","_lmt_disable":"","_jetpack_memberships_contains_paid_content":false,"footnotes":""},"categories":[109,51],"tags":[1746],"class_list":["post-64901","post","type-post","status-publish","format-standard","has-post-thumbnail","hentry","category-minuto-a-minuto","category-zona-roja","tag-violencia-en-mexico"],"jetpack_featured_media_url":"https:\/\/zonaroja.com.mx\/wp-content\/uploads\/2024\/02\/Trabajadores-cBTIS-Guerrero.jpg","jetpack_sharing_enabled":true,"_links":{"self":[{"href":"https:\/\/zonaroja.com.mx\/index.php?rest_route=\/wp\/v2\/posts\/64901","targetHints":{"allow":["GET"]}}],"collection":[{"href":"https:\/\/zonaroja.com.mx\/index.php?rest_route=\/wp\/v2\/posts"}],"about":[{"href":"https:\/\/zonaroja.com.mx\/index.php?rest_route=\/wp\/v2\/types\/post"}],"author":[{"embeddable":true,"href":"https:\/\/zonaroja.com.mx\/index.php?rest_route=\/wp\/v2\/users\/2"}],"replies":[{"embeddable":true,"href":"https:\/\/zonaroja.com.mx\/index.php?rest_route=%2Fwp%2Fv2%2Fcomments&post=64901"}],"version-history":[{"count":1,"href":"https:\/\/zonaroja.com.mx\/index.php?rest_route=\/wp\/v2\/posts\/64901\/revisions"}],"predecessor-version":[{"id":64905,"href":"https:\/\/zonaroja.com.mx\/index.php?rest_route=\/wp\/v2\/posts\/64901\/revisions\/64905"}],"wp:featuredmedia":[{"embeddable":true,"href":"https:\/\/zonaroja.com.mx\/index.php?rest_route=\/wp\/v2\/media\/64904"}],"wp:attachment":[{"href":"https:\/\/zonaroja.com.mx\/index.php?rest_route=%2Fwp%2Fv2%2Fmedia&parent=64901"}],"wp:term":[{"taxonomy":"category","embeddable":true,"href":"https:\/\/zonaroja.com.mx\/index.php?rest_route=%2Fwp%2Fv2%2Fcategories&post=64901"},{"taxonomy":"post_tag","embeddable":true,"href":"https:\/\/zonaroja.com.mx\/index.php?rest_route=%2Fwp%2Fv2%2Ftags&post=64901"}],"curies":[{"name":"wp","href":"https:\/\/api.w.org\/{rel}","templated":true}]}}