{"id":64906,"date":"2024-02-03T09:00:00","date_gmt":"2024-02-03T15:00:00","guid":{"rendered":"http:\/\/www.zonaroja.com.mx\/?p=64906"},"modified":"2024-02-03T07:14:44","modified_gmt":"2024-02-03T13:14:44","slug":"congreso-de-oaxaca-reconoce-a-cocinera-tradicional-abigail-mendoza","status":"publish","type":"post","link":"https:\/\/zonaroja.com.mx\/?p=64906","title":{"rendered":"Congreso de Oaxaca reconoce a cocinera tradicional Abigail Mendoza"},"content":{"rendered":"\n<p>Redacci\u00f3n\/Zona Roja.<\/p>\n\n\n\n<p>Oaxaca de Ju\u00e1rez, Oax. 3 de febrero de 2024.- Diputadas y diputados de la 65 Legislatura local reconocieron a la oaxaque\u00f1a Abigail Mendoza Ruiz por su destacada trayectoria dentro de la cocina tradicional de Oaxaca.<\/p>\n\n\n\n<p>En sesi\u00f3n ordinaria del pasado mi\u00e9rcoles, entregaron el reconocimiento p\u00fablico a la cocinera tradicional, originaria de Teotitl\u00e1n del Valle, quien ha puesto en alto el nombre Oaxaca a nivel nacional e internacional.<\/p>\n\n\n\n<p>El presidente de la Comisi\u00f3n Permanente de Culturas, Artes, Juventud, Cultura F\u00edsica y Deporte, Sesul Bola\u00f1os L\u00f3pez, destac\u00f3 la labor de Abigail Mendoza para la preservaci\u00f3n del patrimonio gastron\u00f3mico de Oaxaca.<\/p>\n\n\n\n<p>\u201cUna mujer que representa y deja el nombre de Oaxaca en alto, una maestra, una cocinera, y una mujer excepcional que ha dedicado gran parte de su vida a preservar el patrimonio gastron\u00f3mico, las costumbres, las tradiciones de su pueblo Teotitl\u00e1n del Valle\u201d, expres\u00f3.<\/p>\n\n\n\n<p>Desde su ni\u00f1ez, Abigail Mendoza se adentr\u00f3 al mundo de la cocina, pero fue hasta 1980 que aprendi\u00f3 a elaborar la comida tradicional para fiestas y mayordom\u00edas de su comunidad, lo que la llev\u00f3 a abrir su restaurante llamado Tlamanalli en 1990, donde ofrece comida t\u00edpica de Teotitl\u00e1n del Valle.<\/p>\n\n\n\n<p>A lo largo de su carrera, Abigail Mendoza ha recibido diversos premios, reconocimientos y distinciones, 24 de manera estatal, 22 nacionales y siete internacionales, siendo el m\u00e1s reciente el Premio Nacional de Artes y Literatura 2022, en el campo de las artes y tradiciones populares.&nbsp;<\/p>\n","protected":false},"excerpt":{"rendered":"<p>Redacci\u00f3n\/Zona Roja. Oaxaca de Ju\u00e1rez, Oax. 3 de febrero de 2024.- Diputadas y diputados de&hellip;<\/p>\n","protected":false},"author":2,"featured_media":64907,"comment_status":"closed","ping_status":"open","sticky":false,"template":"","format":"standard","meta":{"_lmt_disableupdate":"","_lmt_disable":"","_jetpack_memberships_contains_paid_content":false,"footnotes":""},"categories":[109,46],"tags":[2743],"class_list":["post-64906","post","type-post","status-publish","format-standard","has-post-thumbnail","hentry","category-minuto-a-minuto","category-zona-blanca","tag-65-legislatura-del-estado-de-oaxaca"],"jetpack_featured_media_url":"https:\/\/zonaroja.com.mx\/wp-content\/uploads\/2024\/02\/Reconocimiento-Abigail-Mendoza-Congreso-Oaxaca.jpeg","jetpack_sharing_enabled":true,"_links":{"self":[{"href":"https:\/\/zonaroja.com.mx\/index.php?rest_route=\/wp\/v2\/posts\/64906","targetHints":{"allow":["GET"]}}],"collection":[{"href":"https:\/\/zonaroja.com.mx\/index.php?rest_route=\/wp\/v2\/posts"}],"about":[{"href":"https:\/\/zonaroja.com.mx\/index.php?rest_route=\/wp\/v2\/types\/post"}],"author":[{"embeddable":true,"href":"https:\/\/zonaroja.com.mx\/index.php?rest_route=\/wp\/v2\/users\/2"}],"replies":[{"embeddable":true,"href":"https:\/\/zonaroja.com.mx\/index.php?rest_route=%2Fwp%2Fv2%2Fcomments&post=64906"}],"version-history":[{"count":1,"href":"https:\/\/zonaroja.com.mx\/index.php?rest_route=\/wp\/v2\/posts\/64906\/revisions"}],"predecessor-version":[{"id":64908,"href":"https:\/\/zonaroja.com.mx\/index.php?rest_route=\/wp\/v2\/posts\/64906\/revisions\/64908"}],"wp:featuredmedia":[{"embeddable":true,"href":"https:\/\/zonaroja.com.mx\/index.php?rest_route=\/wp\/v2\/media\/64907"}],"wp:attachment":[{"href":"https:\/\/zonaroja.com.mx\/index.php?rest_route=%2Fwp%2Fv2%2Fmedia&parent=64906"}],"wp:term":[{"taxonomy":"category","embeddable":true,"href":"https:\/\/zonaroja.com.mx\/index.php?rest_route=%2Fwp%2Fv2%2Fcategories&post=64906"},{"taxonomy":"post_tag","embeddable":true,"href":"https:\/\/zonaroja.com.mx\/index.php?rest_route=%2Fwp%2Fv2%2Ftags&post=64906"}],"curies":[{"name":"wp","href":"https:\/\/api.w.org\/{rel}","templated":true}]}}