{"id":64909,"date":"2024-02-03T10:00:00","date_gmt":"2024-02-03T16:00:00","guid":{"rendered":"http:\/\/www.zonaroja.com.mx\/?p=64909"},"modified":"2024-02-03T07:20:19","modified_gmt":"2024-02-03T13:20:19","slug":"condena-onu-ataque-a-periodista-de-tijuana-y-amlo-defiende-a-alcaldesa","status":"publish","type":"post","link":"https:\/\/zonaroja.com.mx\/?p=64909","title":{"rendered":"Condena ONU ataque a periodista de Tijuana\u2026 y AMLO defiende a alcaldesa"},"content":{"rendered":"\n<p>Redacci\u00f3n\/Zona Roja Cdmx.<\/p>\n\n\n\n<p>Ciudad de M\u00e9xico, a 3 de febrero de 2024.- Mientras el Presidente de M\u00e9xico, Andr\u00e9s Manuel L\u00f3pez Obrador, defendi\u00f3 a la alcaldesa de Tijuana, la Organizaci\u00f3n de las Naciones Unidas (ONU), a trav\u00e9s de la Oficina en M\u00e9xico del Alto Comisionado, conden\u00f3 el atentado en contra de la periodista Yolanda Caballero Jacobo.<\/p>\n\n\n\n<p>En un comunicado, el organismo mundial exhort\u00f3 a las autoridades mexicanas a investigar y sancionar el hecho y pidi\u00f3 garantizar protecci\u00f3n a personas que ejercen el periodismo y la libertad de expresi\u00f3n.<\/p>\n\n\n\n<p>\u201cCondenamos el ataque contra la periodista Yolanda Caballero Jacobo, en Tijuana. Hacemos un llamado a las autoridades de todos los niveles a adoptar las medidas para cumplir con las obligaciones de respetar la libertad de expresi\u00f3n y proteger a quienes ejercen el periodismo.\u201d, expuso.<\/p>\n\n\n\n<p>Fue el pasado jueves en que la camioneta de la periodista Yolanda Caballero fue incendiada, un d\u00eda despu\u00e9s de que denunci\u00f3 presiones de la alcaldesa morenista de Tijuana, Monserrat Caballero, por cuestionarla sobre un se\u00f1alamiento ciudadano.<\/p>\n\n\n\n<p>\u201cNO ES CAPAZ\u201d<\/p>\n\n\n\n<p>Por su parte, ayer en su conferencia matutina, el mandatario mexicano defendi\u00f3 a la alcaldesa Monserrat Caballero y pidi\u00f3 esperar el resultado de las investigaciones.<\/p>\n\n\n\n<p>\u201cHay que esperar, conozco a la presidenta municipal de Tijuana y a la gobernadora, las considero mujeres \u00edntegras, respetuosas de la libertad, no las considero capaces de un atentado contra nadie, pero de todas maneras hay que hacer la investigaci\u00f3n\u201d, dijo.<\/p>\n\n\n\n<p>El presidente precis\u00f3 adem\u00e1s que la periodista cuenta con seguridad por parte del mecanismo de protecci\u00f3n de Baja California y se encuentra bien.<\/p>\n\n\n\n<p>\u201cElla estaba acusando a la presidenta municipal de Tijuana con la que tuvo una discusi\u00f3n. No hay que sostener como prueba esta denuncia, hay que investigar, lo est\u00e1 haciendo la Fiscal\u00eda, lo importante es que se le est\u00e1 atendiendo y en la noche la gobernadora estableci\u00f3 comunicaci\u00f3n con ella\u201d, remarc\u00f3.<\/p>\n","protected":false},"excerpt":{"rendered":"<p>Redacci\u00f3n\/Zona Roja Cdmx. Ciudad de M\u00e9xico, a 3 de febrero de 2024.- Mientras el Presidente&hellip;<\/p>\n","protected":false},"author":2,"featured_media":64910,"comment_status":"closed","ping_status":"open","sticky":false,"template":"","format":"standard","meta":{"_lmt_disableupdate":"","_lmt_disable":"","_jetpack_memberships_contains_paid_content":false,"footnotes":""},"categories":[109,47],"tags":[3836],"class_list":["post-64909","post","type-post","status-publish","format-standard","has-post-thumbnail","hentry","category-minuto-a-minuto","category-zona-gris","tag-yolanda-caballero-periodista"],"jetpack_featured_media_url":"https:\/\/zonaroja.com.mx\/wp-content\/uploads\/2024\/02\/Yolanda-Caballero-periodista-Tijuana.jpeg","jetpack_sharing_enabled":true,"_links":{"self":[{"href":"https:\/\/zonaroja.com.mx\/index.php?rest_route=\/wp\/v2\/posts\/64909","targetHints":{"allow":["GET"]}}],"collection":[{"href":"https:\/\/zonaroja.com.mx\/index.php?rest_route=\/wp\/v2\/posts"}],"about":[{"href":"https:\/\/zonaroja.com.mx\/index.php?rest_route=\/wp\/v2\/types\/post"}],"author":[{"embeddable":true,"href":"https:\/\/zonaroja.com.mx\/index.php?rest_route=\/wp\/v2\/users\/2"}],"replies":[{"embeddable":true,"href":"https:\/\/zonaroja.com.mx\/index.php?rest_route=%2Fwp%2Fv2%2Fcomments&post=64909"}],"version-history":[{"count":1,"href":"https:\/\/zonaroja.com.mx\/index.php?rest_route=\/wp\/v2\/posts\/64909\/revisions"}],"predecessor-version":[{"id":64911,"href":"https:\/\/zonaroja.com.mx\/index.php?rest_route=\/wp\/v2\/posts\/64909\/revisions\/64911"}],"wp:featuredmedia":[{"embeddable":true,"href":"https:\/\/zonaroja.com.mx\/index.php?rest_route=\/wp\/v2\/media\/64910"}],"wp:attachment":[{"href":"https:\/\/zonaroja.com.mx\/index.php?rest_route=%2Fwp%2Fv2%2Fmedia&parent=64909"}],"wp:term":[{"taxonomy":"category","embeddable":true,"href":"https:\/\/zonaroja.com.mx\/index.php?rest_route=%2Fwp%2Fv2%2Fcategories&post=64909"},{"taxonomy":"post_tag","embeddable":true,"href":"https:\/\/zonaroja.com.mx\/index.php?rest_route=%2Fwp%2Fv2%2Ftags&post=64909"}],"curies":[{"name":"wp","href":"https:\/\/api.w.org\/{rel}","templated":true}]}}