{"id":64912,"date":"2024-02-03T11:00:00","date_gmt":"2024-02-03T17:00:00","guid":{"rendered":"http:\/\/www.zonaroja.com.mx\/?p=64912"},"modified":"2024-02-03T07:23:08","modified_gmt":"2024-02-03T13:23:08","slug":"opinion-priistas-oaxaquenos-bajo-el-manto-de-jose-murat-entre-traidores-te-veas","status":"publish","type":"post","link":"https:\/\/zonaroja.com.mx\/?p=64912","title":{"rendered":"Opini\u00f3n. Priistas oaxaque\u00f1os: bajo el manto de Jos\u00e9 Murat, entre traidores te veas\u2026"},"content":{"rendered":"\n<p>Adri\u00e1n Ortiz Romero Cuevas*<\/p>\n\n\n\n<p>A lo largo de la \u00faltima semana corri\u00f3 el rumor de que la mayor\u00eda de los integrantes de la bancada local del PRI en la LXV Legislatura en Oaxaca, renunciar\u00edan a su militancia y se convertir\u00edan en diputados independientes. Ello se explica en las definiciones nacionales del tricolor a favor de una facci\u00f3n oaxaque\u00f1a, pero tambi\u00e9n al chantaje que se intenta generar entre los que fueron traicionados por el gran alevoso al interior del priismo oaxaque\u00f1o: el exgobernador Jos\u00e9 Murat.&nbsp;<\/p>\n\n\n\n<p>En efecto, desde hace varios d\u00edas se habla de la inminente renuncia a su militancia \u2014y a su pertenencia a la fracci\u00f3n parlamentaria tricolor\u2014 de los integrantes de la bancada del PRI en la Legislatura oaxaque\u00f1a, a saber: Alejandro Avil\u00e9s \u00c1lvarez, Mar\u00eda Luisa Matus Fuentes, Fredy Gil Pineda Gopar y Eduardo Rojas Zavaleta. Seg\u00fan los aludidos, su raz\u00f3n para separarse del tricolor ser\u00eda una: el agandalle del supuesto grupo conformado por Mar\u00eda del Carmen Vela Ric\u00e1rdez y el delegado del CEN en Oaxaca Javier Casique Z\u00e1rate. \u00bfEs esto posible?<\/p>\n\n\n\n<p>Evidentemente hay m\u00e1s de narrativa que de realidad: Ric\u00e1rdez y Casique responden verticalmente al grupo que a\u00fan lidera Jos\u00e9 Murat. Ellos atienden a sus intereses \u2014a los provechos que pondera hoy\u2014, igual que como en su tiempo coincidieron con Avil\u00e9s y varios de los que ahora se est\u00e1n queriendo separar del PRI, porque en aquellos tiempos todos coincid\u00edan con el patriarca Murat. Los tiempos cambiaron y parece que les duele aceptarlo.&nbsp;<\/p>\n\n\n\n<p>Vale hacer un recuento de por qu\u00e9 la preocupaci\u00f3n de cada uno de los priistas que hoy pretende separarse del tricolor:&nbsp;<\/p>\n\n\n\n<p>Alejandro Avil\u00e9s \u00c1lvarez: de entrada, no puede reelegirse porque se lo proh\u00edbe el art\u00edculo 32 de la Constituci\u00f3n local. Ha sido dos veces consecutivas diputado plurinominal y la norma constitucional le proh\u00edbe un nuevo periodo consecutivo. As\u00ed, el destino de Avil\u00e9s pudo haber sido una diputaci\u00f3n federal o una senadur\u00eda. No obstante, lo relegaron en todas esas posibilidades por la v\u00eda plurinominal y s\u00f3lo le restar\u00eda buscar alguna de esas posiciones a trav\u00e9s del voto popular \u2014en donde nunca ha tenido buenos resultados al presentarse en las urnas como candidato.&nbsp;<\/p>\n\n\n\n<p>Respecto a Avil\u00e9s existe una pregunta clim\u00e1tica para todo el priismo: \u00bfde verdad vale algo fuera del PRI? Porque su gran val\u00eda como diputado, como l\u00edder de la bancada priista, y como operador pol\u00edtico que controlaba el Congreso, fue su capacidad de negociaci\u00f3n con los representantes de otras fuerzas pol\u00edticas. En otros tiempos \u2014los de Alejandro Murat, y antes\u2014 tuvo esa cualidad porque ten\u00eda un amplio margen de negociaci\u00f3n \u2014con recursos econ\u00f3micos, pol\u00edticos y de influencia para atraer a propios y extra\u00f1os\u2014 al interior de la Legislatura. Hoy carece de todos esos elementos y por eso pas\u00f3 de ser un actor fundamental en el Recinto Legislativo, a ser uno m\u00e1s de los diputados presentes.&nbsp;<\/p>\n\n\n\n<p>\u00bfAlguien querr\u00eda a Alejandro Avil\u00e9s en su bancada? Parece que es de dudarse porque si bien tiene los activos de una enorme experiencia en la gesti\u00f3n pol\u00edtica, tambi\u00e9n parece ser alguien que sali\u00f3 de las bases priistas para encumbrarse, igual que como lo han hecho otros personajes en Morena. \u00c9l, pues, es tan funcional o desechable como lo son quienes fueron hechura de su tiempo y su circunstancia, pero en el partido de enfrente. All\u00e1, tal parece, no s\u00f3lo no lo necesitan sino tampoco querr\u00edan tenerlo dados los pasivos que trae a cuestas.&nbsp;<\/p>\n\n\n\n<p>En el mejor de los escenarios, Alejandro Avil\u00e9s correr\u00eda el mismo destino que Mariana Ben\u00edtez Tiburcio: alguien que fue aceptada en la bancada morenista, pero siendo fustigada de d\u00eda y de noche por todos los integrantes de dicha fracci\u00f3n, y apareci\u00e9ndose como una aut\u00e9ntica arribista que no encuentra aceptaci\u00f3n en ning\u00fan espacio.&nbsp;<\/p>\n\n\n\n<p>LA BANCADA, DESHECHA&nbsp;<\/p>\n\n\n\n<p>Junto con Avil\u00e9s se ir\u00edan Mar\u00eda Luisa Matus, Fredy Gil Pineda Gopar y Eduardo Rojas Zavaleta. Veamos.&nbsp;<\/p>\n\n\n\n<p>De los tres, quiz\u00e1 la \u00fanica que siempre mantuvo el decoro como legisladora de oposici\u00f3n fue Mar\u00eda Luisa Matus Fuentes. Sobre ella no pesa ning\u00fan se\u00f1alamiento negativo ni como legisladora ni como servidora p\u00fablica, y fue una de las que siempre mantuvo cierta coherencia en sus posiciones como representante popular de oposici\u00f3n ante el gobierno morenista. Aun as\u00ed, Matus no puede reelegirse \u2014pesa sobre ella el mismo impedimento de Avil\u00e9s contenido en el art\u00edculo 32 de la Constituci\u00f3n local\u2014 y tampoco fue considerada en las nuevas preferencias de la c\u00fapula priista. Al margen de si hizo o no bien su trabajo, al no tener un destino claro podr\u00eda ser una de las que abandonaran las filas priistas buscando alg\u00fan margen de negociaci\u00f3n o con el r\u00e9gimen, o con otros partidos.<\/p>\n\n\n\n<p>Freddy Gil Pineda Gopar es, podr\u00edamos decirlo, un volc\u00e1n apagado. \u00bfLa raz\u00f3n? Su responsabilidad directa en el llamado \u201ccartel del saneamiento financiero\u201d. Antes de ser diputado local \u2014el \u00fanico de mayor\u00eda junto con Liz Concha\u2014, Pineda sirvi\u00f3 como puente para la presunta ejecuci\u00f3n de millonarias transferencias del gobierno estatal al municipio que \u00e9l gobernaba, con fines hasta ahora inciertos.&nbsp;<\/p>\n\n\n\n<p>Es, junto con Cosolapa y algunas otras demarcaciones \u2014todas ligadas a Avil\u00e9s\u2014, blanco de fuertes se\u00f1alamientos que todav\u00eda falta que sean solventados ante las instancias de fiscalizaci\u00f3n respecto al origen y destino de dichos recursos. Frente a ese escenario, al otrora porro universitario no le queda m\u00e1s que mantener una posici\u00f3n ecu\u00e1nime y de colaboraci\u00f3n con el r\u00e9gimen; y dejar atr\u00e1s los tiempos de beligerancia que lo caracterizaron.&nbsp;<\/p>\n\n\n\n<p>Respecto a Eduardo Rojas Zavaleta no hay mucho que decir. Su paso por la pol\u00edtica local fue tambi\u00e9n gracias a los d\u00e9bitos mutuos con Alejandro Avil\u00e9s, quien le allan\u00f3 el paso a la dirigencia estatal priista \u2014sin mayor trascendencia\u2014 y luego la diputaci\u00f3n local plurinominal la gan\u00f3 en los tribunales. No ha sido alguien que se destaque por algo, m\u00e1s que por la amistad y los d\u00e9bitos con Avil\u00e9s y sus secuaces.<\/p>\n\n\n\n<p>\u00bfAlguien querr\u00eda a estos personajes en su bancada o en sus filas? Parece que no. Ellos dejaron de ser \u00fatiles como operadores y tampoco representan un capital pol\u00edtico que se codicie. Esos y muchos priistas no entendieron que Morena pudo haberlos necesitado en otro momento, pero que hoy simplemente los supli\u00f3 con figuras propias: otros operadores pol\u00edticos, otros ingenieros electorales, otros corruptos y otros vendedores de humo. Hoy su valor est\u00e1 reducido a casi nada y por ello, m\u00e1s que las razones por las que abandonar\u00edan su partido \u2014o amagan con ello para intentar abrir un margen de negociaci\u00f3n\u2014, lo que deber\u00eda verse es si a\u00fan tienen valor fuera del PRI.&nbsp;<\/p>\n\n\n\n<p>Al final, todos decidieron jugar el juego de Jos\u00e9 Murat, que ha jugado con todos siempre a favor de sus intereses, no importando si hoy traiciona a unos en favor de otros. Y hoy algunos se duelen de las mismas traiciones por las que hace poco tiempo se hicieron de la misma fortuna e influencia que hoy ven perdida. Eso pasa cuando deciden involucrarse con alguien que no niega su naturaleza.&nbsp;<\/p>\n\n\n\n<p>EPITAFIO&nbsp;<\/p>\n\n\n\n<p>Como unos aut\u00e9nticos payasos est\u00e1n quedando aquellos que otrora se rasgaban las vestiduras por su supuesta militancia priista, y por ello se distanciaron de amigos, familia e intereses. Ya los veremos haciendo fila \u2014y rogando, como Mariana Ben\u00edtez\u2014, para que los acepten en las filas de enfrente. Vaya congruencia\u2026<\/p>\n\n\n\n<p>*Abogado y periodista.<\/p>\n\n\n\n<p>@ortizromeroc<\/p>\n\n\n\n<p>@columnaalmargen<\/p>\n","protected":false},"excerpt":{"rendered":"<p>Adri\u00e1n Ortiz Romero Cuevas* A lo largo de la \u00faltima semana corri\u00f3 el rumor de&hellip;<\/p>\n","protected":false},"author":2,"featured_media":41727,"comment_status":"closed","ping_status":"open","sticky":false,"template":"","format":"standard","meta":{"_lmt_disableupdate":"","_lmt_disable":"","_jetpack_memberships_contains_paid_content":false,"footnotes":""},"categories":[456,109],"tags":[2994],"class_list":["post-64912","post","type-post","status-publish","format-standard","has-post-thumbnail","hentry","category-columna","category-minuto-a-minuto","tag-adrian-ortiz-romero-cuevas"],"jetpack_featured_media_url":"https:\/\/zonaroja.com.mx\/wp-content\/uploads\/2022\/05\/268ff40f-0d29-460d-b639-fc8eebaa17a4.jpg","jetpack_sharing_enabled":true,"_links":{"self":[{"href":"https:\/\/zonaroja.com.mx\/index.php?rest_route=\/wp\/v2\/posts\/64912","targetHints":{"allow":["GET"]}}],"collection":[{"href":"https:\/\/zonaroja.com.mx\/index.php?rest_route=\/wp\/v2\/posts"}],"about":[{"href":"https:\/\/zonaroja.com.mx\/index.php?rest_route=\/wp\/v2\/types\/post"}],"author":[{"embeddable":true,"href":"https:\/\/zonaroja.com.mx\/index.php?rest_route=\/wp\/v2\/users\/2"}],"replies":[{"embeddable":true,"href":"https:\/\/zonaroja.com.mx\/index.php?rest_route=%2Fwp%2Fv2%2Fcomments&post=64912"}],"version-history":[{"count":1,"href":"https:\/\/zonaroja.com.mx\/index.php?rest_route=\/wp\/v2\/posts\/64912\/revisions"}],"predecessor-version":[{"id":64913,"href":"https:\/\/zonaroja.com.mx\/index.php?rest_route=\/wp\/v2\/posts\/64912\/revisions\/64913"}],"wp:featuredmedia":[{"embeddable":true,"href":"https:\/\/zonaroja.com.mx\/index.php?rest_route=\/wp\/v2\/media\/41727"}],"wp:attachment":[{"href":"https:\/\/zonaroja.com.mx\/index.php?rest_route=%2Fwp%2Fv2%2Fmedia&parent=64912"}],"wp:term":[{"taxonomy":"category","embeddable":true,"href":"https:\/\/zonaroja.com.mx\/index.php?rest_route=%2Fwp%2Fv2%2Fcategories&post=64912"},{"taxonomy":"post_tag","embeddable":true,"href":"https:\/\/zonaroja.com.mx\/index.php?rest_route=%2Fwp%2Fv2%2Ftags&post=64912"}],"curies":[{"name":"wp","href":"https:\/\/api.w.org\/{rel}","templated":true}]}}