{"id":64914,"date":"2024-02-03T12:00:00","date_gmt":"2024-02-03T18:00:00","guid":{"rendered":"http:\/\/www.zonaroja.com.mx\/?p=64914"},"modified":"2024-02-03T07:42:03","modified_gmt":"2024-02-03T13:42:03","slug":"por-fin-tres-lustros-despues-hay-supercarretera-a-la-costa-de-oaxaca","status":"publish","type":"post","link":"https:\/\/zonaroja.com.mx\/?p=64914","title":{"rendered":"Por fin, tres lustros despu\u00e9s, hay supercarretera a la Costa de Oaxaca"},"content":{"rendered":"\n<p>Raymundo Morales\/Zona Roja.<\/p>\n\n\n\n<p>Oaxaca de Ju\u00e1rez, Oax., a 3 de febrero de 2024.- Luego de 14 a\u00f1os de iniciada su construcci\u00f3n, por fin la ciudad de Oaxaca quedar\u00e1 conectada con una v\u00eda r\u00e1pida a la Costa, a partir del lunes.<\/p>\n\n\n\n<p>Se trata de la supercarretera Oaxaca-Costa, en su tramo Barran Larga-Ventanilla, en que, seg\u00fan la Secretar\u00eda de Infraestructuras, Comunicaciones y Transportes (SICT), se invirtieron alrededor de 11 mil millones de pesos.<\/p>\n\n\n\n<p>Ser\u00e1 inaugurada ma\u00f1ana domingo por el Presidente de M\u00e9xico, Andr\u00e9s Manuel L\u00f3pez Obrador, y por el mandatario estatal, Salom\u00f3n Jara Cruz, ambos del Partido Morena.<\/p>\n\n\n\n<p>Dicho tramo tiene una longitud de 104 kil\u00f3metros y el tr\u00e1nsito ser\u00eda de aproximadamente dos horas y media; actualmente, por la v\u00eda federal 131 o la 175, el trayecto de la capital hacia la Costa es de entre cinco a seis horas.<\/p>\n\n\n\n<p>De acuerdo con la SICT esta obra la inici\u00f3 la constructora Omega en 2009 y la dej\u00f3 por problemas financieros; luego la retom\u00f3 ICA y concluy\u00f3 la ruta s\u00f3lo en terracer\u00eda, hasta que Banco Nacional de Obras y Servicios P\u00fablicos (Banobras) recuper\u00f3 el proyecto y lo otorg\u00f3 en 2019 a Mota-Engil y Coconal, entre otras empresas.<\/p>\n\n\n\n<p>La supercarretera va a beneficiar a m\u00e1s 11 comunidades de ocho municipios de Oaxaca, que representan m\u00e1s de 100 mil habitantes. Con ello podr\u00e1n comercializar sus productos con mejores condiciones de competitividad al reducir los costos log\u00edsticos de transporte.<\/p>\n\n\n\n<p>Inform\u00f3 que para la construcci\u00f3n de la carretera se generaron mil 800 empleos directos y tres mil 500 indirectos.&nbsp;<\/p>\n\n\n\n<p>El proyecto requiri\u00f3 una inversi\u00f3n de 10 mil 670 millones de pesos, pues adem\u00e1s de la autopista de dos carriles y 12 metros de ancho de corona, se construyeron 10 puentes, tres viaductos, 15 entronques y dos casetas de cobro, que por lo que resta de la administraci\u00f3n no van a cobrar por la circulaci\u00f3n.<\/p>\n\n\n\n<p>Se estima un tr\u00e1nsito diario promedio anual de cuatro mil 253 veh\u00edculos que podr\u00e1n circular a velocidades de entre 90 a 110 kil\u00f3metros por hora.<\/p>\n","protected":false},"excerpt":{"rendered":"<p>Raymundo Morales\/Zona Roja. Oaxaca de Ju\u00e1rez, Oax., a 3 de febrero de 2024.- Luego de&hellip;<\/p>\n","protected":false},"author":2,"featured_media":64915,"comment_status":"closed","ping_status":"open","sticky":false,"template":"","format":"standard","meta":{"_lmt_disableupdate":"","_lmt_disable":"","_jetpack_memberships_contains_paid_content":false,"footnotes":""},"categories":[109,46],"tags":[3639],"class_list":["post-64914","post","type-post","status-publish","format-standard","has-post-thumbnail","hentry","category-minuto-a-minuto","category-zona-blanca","tag-supercarretera-oaxaca-costa"],"jetpack_featured_media_url":"https:\/\/zonaroja.com.mx\/wp-content\/uploads\/2024\/02\/Supercarretera-Oaxaca-Costa-1.jpg","jetpack_sharing_enabled":true,"_links":{"self":[{"href":"https:\/\/zonaroja.com.mx\/index.php?rest_route=\/wp\/v2\/posts\/64914","targetHints":{"allow":["GET"]}}],"collection":[{"href":"https:\/\/zonaroja.com.mx\/index.php?rest_route=\/wp\/v2\/posts"}],"about":[{"href":"https:\/\/zonaroja.com.mx\/index.php?rest_route=\/wp\/v2\/types\/post"}],"author":[{"embeddable":true,"href":"https:\/\/zonaroja.com.mx\/index.php?rest_route=\/wp\/v2\/users\/2"}],"replies":[{"embeddable":true,"href":"https:\/\/zonaroja.com.mx\/index.php?rest_route=%2Fwp%2Fv2%2Fcomments&post=64914"}],"version-history":[{"count":1,"href":"https:\/\/zonaroja.com.mx\/index.php?rest_route=\/wp\/v2\/posts\/64914\/revisions"}],"predecessor-version":[{"id":64916,"href":"https:\/\/zonaroja.com.mx\/index.php?rest_route=\/wp\/v2\/posts\/64914\/revisions\/64916"}],"wp:featuredmedia":[{"embeddable":true,"href":"https:\/\/zonaroja.com.mx\/index.php?rest_route=\/wp\/v2\/media\/64915"}],"wp:attachment":[{"href":"https:\/\/zonaroja.com.mx\/index.php?rest_route=%2Fwp%2Fv2%2Fmedia&parent=64914"}],"wp:term":[{"taxonomy":"category","embeddable":true,"href":"https:\/\/zonaroja.com.mx\/index.php?rest_route=%2Fwp%2Fv2%2Fcategories&post=64914"},{"taxonomy":"post_tag","embeddable":true,"href":"https:\/\/zonaroja.com.mx\/index.php?rest_route=%2Fwp%2Fv2%2Ftags&post=64914"}],"curies":[{"name":"wp","href":"https:\/\/api.w.org\/{rel}","templated":true}]}}