{"id":64917,"date":"2024-02-03T10:43:00","date_gmt":"2024-02-03T16:43:00","guid":{"rendered":"http:\/\/www.zonaroja.com.mx\/?p=64917"},"modified":"2024-02-03T08:00:53","modified_gmt":"2024-02-03T14:00:53","slug":"corren-a-dirigente-de-la-seccion-22-de-asamblea-en-oaxaca","status":"publish","type":"post","link":"https:\/\/zonaroja.com.mx\/?p=64917","title":{"rendered":"Corren a dirigente de la Secci\u00f3n 22 de asamblea en Oaxaca"},"content":{"rendered":"\n<p>Ismael Garc\u00eda M.\/Zona Roja.<\/p>\n\n\n\n<p>Oaxaca de Ju\u00e1rez, Oax., a 3 de febrero de 2024.- Un grupo de docentes afiliados a la Secci\u00f3n 22 del SNTE corri\u00f3 ayer a su dirigente gremial, Yenny Aracely L\u00f3pez Mart\u00ednez, tras acusarla de haberse corrompido con el Gobierno del Estado de Oaxaca.<\/p>\n\n\n\n<p>Fue en la escuela Secundaria T\u00e9cnica n\u00famero 118, en el fraccionamiento Los R\u00edos de la capital, donde la secretaria General e integrantes del Comit\u00e9 Ejecutivo Seccional acudieron a una asamblea sectorial.<\/p>\n\n\n\n<p>Pero un grupo presuntamente de golpeadores de la dirigente golpe\u00f3 a maestros en el exterior del auditorio de la reuni\u00f3n, lo cual gener\u00f3 el reclamo de los docentes hacia Yenny Araceli L\u00f3pez, quien al final opt\u00f3 por retirarse del lugar.<\/p>\n\n\n\n<p>Los afiliados a la Secci\u00f3n 22 del Sindicato Nacional de Trabajadores de la Educaci\u00f3n acusaron a su dirigencia de proteger a los ex l\u00edderes y de estar coludido con el actual gobierno.<\/p>\n\n\n\n<p>Se\u00f1alaron adem\u00e1s a Jos\u00e9 P\u00e9rez, originario de Cuil\u00e1pam de Guerrero, quien est\u00e1 haciendo proselitismo a favor del Partido Movimiento Ciudadano.<\/p>\n\n\n\n<p>\u201cLa secretaria de la Secci\u00f3n 22 no quiere que se sepa el listado donde aparecen los datos del dinero que ha recibido por parte de Jos\u00e9 Murat, por lo que fueron abucheados y corridos de la asamblea por sus compa\u00f1eros maestros\u201d, se\u00f1alaron.<\/p>\n","protected":false},"excerpt":{"rendered":"<p>Ismael Garc\u00eda M.\/Zona Roja. Oaxaca de Ju\u00e1rez, Oax., a 3 de febrero de 2024.- Un&hellip;<\/p>\n","protected":false},"author":2,"featured_media":64918,"comment_status":"closed","ping_status":"open","sticky":false,"template":"","format":"standard","meta":{"_lmt_disableupdate":"","_lmt_disable":"","_jetpack_memberships_contains_paid_content":false,"footnotes":""},"categories":[109,47],"tags":[312,3329],"class_list":["post-64917","post","type-post","status-publish","format-standard","has-post-thumbnail","hentry","category-minuto-a-minuto","category-zona-gris","tag-seccion-22-del-snte","tag-yenny-arely-perez-martinez"],"jetpack_featured_media_url":"https:\/\/zonaroja.com.mx\/wp-content\/uploads\/2024\/02\/Conflicto-Seccion-22-dirigente-Yenny-Aracely-Perez.jpg","jetpack_sharing_enabled":true,"_links":{"self":[{"href":"https:\/\/zonaroja.com.mx\/index.php?rest_route=\/wp\/v2\/posts\/64917","targetHints":{"allow":["GET"]}}],"collection":[{"href":"https:\/\/zonaroja.com.mx\/index.php?rest_route=\/wp\/v2\/posts"}],"about":[{"href":"https:\/\/zonaroja.com.mx\/index.php?rest_route=\/wp\/v2\/types\/post"}],"author":[{"embeddable":true,"href":"https:\/\/zonaroja.com.mx\/index.php?rest_route=\/wp\/v2\/users\/2"}],"replies":[{"embeddable":true,"href":"https:\/\/zonaroja.com.mx\/index.php?rest_route=%2Fwp%2Fv2%2Fcomments&post=64917"}],"version-history":[{"count":1,"href":"https:\/\/zonaroja.com.mx\/index.php?rest_route=\/wp\/v2\/posts\/64917\/revisions"}],"predecessor-version":[{"id":64919,"href":"https:\/\/zonaroja.com.mx\/index.php?rest_route=\/wp\/v2\/posts\/64917\/revisions\/64919"}],"wp:featuredmedia":[{"embeddable":true,"href":"https:\/\/zonaroja.com.mx\/index.php?rest_route=\/wp\/v2\/media\/64918"}],"wp:attachment":[{"href":"https:\/\/zonaroja.com.mx\/index.php?rest_route=%2Fwp%2Fv2%2Fmedia&parent=64917"}],"wp:term":[{"taxonomy":"category","embeddable":true,"href":"https:\/\/zonaroja.com.mx\/index.php?rest_route=%2Fwp%2Fv2%2Fcategories&post=64917"},{"taxonomy":"post_tag","embeddable":true,"href":"https:\/\/zonaroja.com.mx\/index.php?rest_route=%2Fwp%2Fv2%2Ftags&post=64917"}],"curies":[{"name":"wp","href":"https:\/\/api.w.org\/{rel}","templated":true}]}}