{"id":64931,"date":"2024-02-03T19:49:00","date_gmt":"2024-02-04T01:49:00","guid":{"rendered":"http:\/\/www.zonaroja.com.mx\/?p=64931"},"modified":"2024-02-03T17:56:27","modified_gmt":"2024-02-03T23:56:27","slug":"pretende-seccion-22-echar-a-perder-fiesta-de-inauguracion-de-supercarretera","status":"publish","type":"post","link":"https:\/\/zonaroja.com.mx\/?p=64931","title":{"rendered":"Pretende Secci\u00f3n 22 echar a perder fiesta de inauguraci\u00f3n de supercarretera"},"content":{"rendered":"\n<p>Yuridiana Sosa\/Zona Roja.<\/p>\n\n\n\n<p>Oaxaca de Ju\u00e1rez, Oax., 3 de febrero de 2024.- La Secci\u00f3n 22 del Sindicato Nacional de Trabajadores de la Educaci\u00f3n (SNTE) se alista para llevar a cabo su primera protesta sobre la supercarretera Oaxaca-Costa este domingo, durante la inauguraci\u00f3n del tramo Barranca Larga-Ventanilla.<\/p>\n\n\n\n<p>El Comit\u00e9 Ejecutivo de esta gremial, adherida a la Coordinadora Nacional de Trabajadores de la Educaci\u00f3n, convoc\u00f3 a la base trabajadora de la regi\u00f3n Costa a la manifestaci\u00f3n pol\u00edtica para exigir al presidente de M\u00e9xico, Andr\u00e9s Manuel L\u00f3pez &nbsp;Obrador, una mesa de di\u00e1logo.<\/p>\n\n\n\n<p>El magisterio&nbsp;demanda &nbsp;soluci\u00f3n a las demandas del Movimiento Democr\u00e1tico de los Trabajadores de la &nbsp;Educaci\u00f3n de Oaxaca y de la Coordinadora Nacional de Trabajadores Educaci\u00f3n, para lo cual se reunir\u00e1n a las 7:00 horas de este domingo 4 de febrero en Ventanilla, Santa Mar\u00eda Colotepec.<\/p>\n\n\n\n<p>La delegaci\u00f3n de la Costa, del magisterio, tambi\u00e9n se manifest\u00f3 el pasado mi\u00e9rcoles en Puerto Escondido para demandar al gobierno del estado y federal la construcci\u00f3n del Hospital Regional del ISSSTE para 15 mil derechohabientes.<\/p>\n\n\n\n<p>Como parte de su movilizaci\u00f3n, el magisterio realiz\u00f3 una marcha y bloqueo; primero se desplazaron de la agencia de Puerto Escondido al Aeropuerto Internacional, donde aplicaron un bloqueo intermitente en la carretera federal.<\/p>\n\n\n\n<p>El Presidente de la Rep\u00fablica lleg\u00f3 a Oaxaca este s\u00e1bado para supervisar diversas obras en la regi\u00f3n del Istmo, y este domingo realizar\u00e1 la inauguraci\u00f3n de la autopista Oaxaca-Puerto Escondido.<\/p>\n\n\n\n<p>Por otra parte, la Secci\u00f3n 22 del SNTE tambi\u00e9n se manifest\u00f3 esta semana contra el IEEPO.<\/p>\n\n\n\n<p>El pasado lunes, Personal de Apoyo y Asistencia a la Educaci\u00f3n (PAAE) que labora en el Instituto Estatal de Educaci\u00f3n P\u00fablica de Oaxaca (IEEPO) \u201ctom\u00f3\u201d las oficinas administrativas.<\/p>\n\n\n\n<p>El personal sindicalizado denunci\u00f3 hostigamiento y acoso laboral en dichas instalaciones por parte de la titular de la Oficina de la Direcci\u00f3n de Desarrollo Educativo, Karina Santiago Santiago.<\/p>\n","protected":false},"excerpt":{"rendered":"<p>Yuridiana Sosa\/Zona Roja. Oaxaca de Ju\u00e1rez, Oax., 3 de febrero de 2024.- La Secci\u00f3n 22&hellip;<\/p>\n","protected":false},"author":2,"featured_media":64932,"comment_status":"closed","ping_status":"open","sticky":false,"template":"","format":"standard","meta":{"_lmt_disableupdate":"","_lmt_disable":"","_jetpack_memberships_contains_paid_content":false,"footnotes":""},"categories":[109,47],"tags":[312],"class_list":["post-64931","post","type-post","status-publish","format-standard","has-post-thumbnail","hentry","category-minuto-a-minuto","category-zona-gris","tag-seccion-22-del-snte"],"jetpack_featured_media_url":"https:\/\/zonaroja.com.mx\/wp-content\/uploads\/2024\/02\/Protesta-Seccion-22-Costa.jpg","jetpack_sharing_enabled":true,"_links":{"self":[{"href":"https:\/\/zonaroja.com.mx\/index.php?rest_route=\/wp\/v2\/posts\/64931","targetHints":{"allow":["GET"]}}],"collection":[{"href":"https:\/\/zonaroja.com.mx\/index.php?rest_route=\/wp\/v2\/posts"}],"about":[{"href":"https:\/\/zonaroja.com.mx\/index.php?rest_route=\/wp\/v2\/types\/post"}],"author":[{"embeddable":true,"href":"https:\/\/zonaroja.com.mx\/index.php?rest_route=\/wp\/v2\/users\/2"}],"replies":[{"embeddable":true,"href":"https:\/\/zonaroja.com.mx\/index.php?rest_route=%2Fwp%2Fv2%2Fcomments&post=64931"}],"version-history":[{"count":1,"href":"https:\/\/zonaroja.com.mx\/index.php?rest_route=\/wp\/v2\/posts\/64931\/revisions"}],"predecessor-version":[{"id":64933,"href":"https:\/\/zonaroja.com.mx\/index.php?rest_route=\/wp\/v2\/posts\/64931\/revisions\/64933"}],"wp:featuredmedia":[{"embeddable":true,"href":"https:\/\/zonaroja.com.mx\/index.php?rest_route=\/wp\/v2\/media\/64932"}],"wp:attachment":[{"href":"https:\/\/zonaroja.com.mx\/index.php?rest_route=%2Fwp%2Fv2%2Fmedia&parent=64931"}],"wp:term":[{"taxonomy":"category","embeddable":true,"href":"https:\/\/zonaroja.com.mx\/index.php?rest_route=%2Fwp%2Fv2%2Fcategories&post=64931"},{"taxonomy":"post_tag","embeddable":true,"href":"https:\/\/zonaroja.com.mx\/index.php?rest_route=%2Fwp%2Fv2%2Ftags&post=64931"}],"curies":[{"name":"wp","href":"https:\/\/api.w.org\/{rel}","templated":true}]}}