{"id":64934,"date":"2024-02-03T18:56:00","date_gmt":"2024-02-04T00:56:00","guid":{"rendered":"http:\/\/www.zonaroja.com.mx\/?p=64934"},"modified":"2024-02-03T17:59:22","modified_gmt":"2024-02-03T23:59:22","slug":"confirma-nueva-linea-de-transporte-de-coatlanes-que-impedira-labor-de-otros-transportistas","status":"publish","type":"post","link":"https:\/\/zonaroja.com.mx\/?p=64934","title":{"rendered":"Confirma nueva l\u00ednea de transporte de Coatlanes que impedir\u00e1 labor de otros \u00a0transportistas"},"content":{"rendered":"\n<p>Yuridiana Sosa\/Zona Roja.<\/p>\n\n\n\n<p>Oaxaca de Ju\u00e1rez, Oax., 3 de febrero de 2024.- La Ruta Coatlanes-Costa S.A. de C.V., liderada por autoridades de la zona de la zona de los Coatlanes, confirm\u00f3 que no van a permitir el paso de otras l\u00edneas de transporte que quieren ofrecer el servicio sobre la nueva supercarretera Oaxaca-Costa.<\/p>\n\n\n\n<p>Por medio de un comunicado, suscrito por los 91 socios que integran esa empresa comunitaria, pero que encabeza el edil priista de San Pedro Coatl\u00e1n, Abraham L\u00f3pez Mart\u00ednez, los nuevos transportistas aseveraron:<\/p>\n\n\n\n<p>\u00abVamos a defender nuestro trabajo, no vamos a permitir que empresarios millonarios, que se han enriquecido con el transporte pretendan invadir y agandallarse de la nueva Ruta Coatlanes-Costa\u201d.<\/p>\n\n\n\n<p>Esto tras el bloqueo que los trabajadores de L\u00edneas Unidas\u201d, \u201cVilla Escondida\u201d y \u201cDelfines\u201d , de Puerto Escondido y Miahuatl\u00e1n, realizaron en el tramo Barranca Larga-Ventanilla, de la supercarretera Oaxaca-Costa,&nbsp; para exigir a las autoridades estatales y federales permitan sus servicios en la zona.<\/p>\n\n\n\n<p>Para ofrecer el servicio, de forma exclusiva &nbsp;y cobrar\u00e1 una tarifa 300 pesos a Puerto Escondido, las autoridades recibieron el aval del secretario de Gobierno, Jes\u00fas Romero L\u00f3pez y a la secretaria de Movilidad, Haydee Claudia Gyves Mendoza.<\/p>\n\n\n\n<p>POSTURA<\/p>\n\n\n\n<p>La nueva empresa, que iniciar\u00e1 operaciones el 5 de febrero tras la inauguraci\u00f3n de la pista este 4 de febrero por el Presidente de la Rep\u00fablica, Andr\u00e9s Manuel L\u00f3pez Obrador, se\u00f1al\u00f3:<\/p>\n\n\n\n<p>\u00abEsta ruta por derecho leg\u00edtimo de tierra nos pertenece a los Coatlanes, es nuestra tierra, son nuestras comunidades, es nuestro trabajo y lo vamos a defender\u00bb.<\/p>\n\n\n\n<p>En el escrito, dirigido tambi\u00e9n L\u00f3pez Obrador, y al gobernador Salom\u00f3n Jara, aseveran<\/p>\n\n\n\n<p>\u00abSomos los originarios poseedores de esta tierra y tenemos el leg\u00edtimo derecho de trabajar en el transporte como modo de subsistencia\u00bb.<\/p>\n\n\n\n<p>Pese a los distintos problemas que la zona present\u00f3 para la continuidad de los trabajos de la carretera, los nuevos agremiados al transporte aseguraron que en la \u00faltima d\u00e9cada han &nbsp;apoyado decididamente el proyecto, en el entendido que tambi\u00e9n les beneficiar\u00eda y ser\u00edan&nbsp; integrados al desarrollo econ\u00f3mico regional.<\/p>\n\n\n\n<p>Detallaron que desde hace dos a\u00f1os han&nbsp; trabajado para constituir dicha l\u00ednea de transporte<\/p>\n\n\n\n<p>Con &nbsp;integrantes de las comunidades del trazo de la s\u00faper carretera; la l\u00ednea consta de 14 unidades para iniciar<\/p>\n\n\n\n<p>Aseguraron que han exigido a los gobiernos local y federal que se respeten los acuerdos tomados desde hace 20 a\u00f1os, tales como derecho leg\u00edtimo y exclusivo del trabajo que se generar\u00e1 con la apertura de la s\u00faper carretera.<\/p>\n\n\n\n<p>\u201cEsas empresas de millonarios fifis (Villa Escondida, Delfines, L\u00edneas Unidas o otras) quieren llegar ya que est\u00e1 la mesa servida a ser los primeros en beneficiarse, lucrar, seguirse enriqueciendo, de algo que no les cost\u00f3. Somos enf\u00e1ticos, &nbsp;no lo vamos a permitir\u201d.<\/p>\n\n\n\n<p>\u201cSomos los \u00fanicos que transitaremos en esta nueva ruta y les brindaremos un servicio de calidad, con seguridad, confort y amabilidad\u201d, advirtieron los socios de las comunidades de 91 socios de la empresa de las comunidades Yogana, San Vicente Coatl\u00e1n, San Pedro Coatl\u00e1n, Santa Catarina Coatl\u00e1n, San Pablo Coatl\u00e1n, San Sebasti\u00e1n Coatl\u00e1n, San Jer\u00f3nimo Coatl\u00e1n, San Francisco Coatl\u00e1n, Cieneguilla Coatl\u00e1n, San Antonio Lalana Coatl\u00e1n, Comitl\u00e1n Coatl\u00e1n, y Santa Maria Colotepec.<\/p>\n","protected":false},"excerpt":{"rendered":"<p>Yuridiana Sosa\/Zona Roja. Oaxaca de Ju\u00e1rez, Oax., 3 de febrero de 2024.- La Ruta Coatlanes-Costa&hellip;<\/p>\n","protected":false},"author":2,"featured_media":64935,"comment_status":"closed","ping_status":"open","sticky":false,"template":"","format":"standard","meta":{"_lmt_disableupdate":"","_lmt_disable":"","_jetpack_memberships_contains_paid_content":false,"footnotes":""},"categories":[109,47],"tags":[1442],"class_list":["post-64934","post","type-post","status-publish","format-standard","has-post-thumbnail","hentry","category-minuto-a-minuto","category-zona-gris","tag-supercarretera-oaxaca-costa-coatlan"],"jetpack_featured_media_url":"https:\/\/zonaroja.com.mx\/wp-content\/uploads\/2024\/02\/Transporte-supercarretera-a-la-Costa.jpg","jetpack_sharing_enabled":true,"_links":{"self":[{"href":"https:\/\/zonaroja.com.mx\/index.php?rest_route=\/wp\/v2\/posts\/64934","targetHints":{"allow":["GET"]}}],"collection":[{"href":"https:\/\/zonaroja.com.mx\/index.php?rest_route=\/wp\/v2\/posts"}],"about":[{"href":"https:\/\/zonaroja.com.mx\/index.php?rest_route=\/wp\/v2\/types\/post"}],"author":[{"embeddable":true,"href":"https:\/\/zonaroja.com.mx\/index.php?rest_route=\/wp\/v2\/users\/2"}],"replies":[{"embeddable":true,"href":"https:\/\/zonaroja.com.mx\/index.php?rest_route=%2Fwp%2Fv2%2Fcomments&post=64934"}],"version-history":[{"count":1,"href":"https:\/\/zonaroja.com.mx\/index.php?rest_route=\/wp\/v2\/posts\/64934\/revisions"}],"predecessor-version":[{"id":64936,"href":"https:\/\/zonaroja.com.mx\/index.php?rest_route=\/wp\/v2\/posts\/64934\/revisions\/64936"}],"wp:featuredmedia":[{"embeddable":true,"href":"https:\/\/zonaroja.com.mx\/index.php?rest_route=\/wp\/v2\/media\/64935"}],"wp:attachment":[{"href":"https:\/\/zonaroja.com.mx\/index.php?rest_route=%2Fwp%2Fv2%2Fmedia&parent=64934"}],"wp:term":[{"taxonomy":"category","embeddable":true,"href":"https:\/\/zonaroja.com.mx\/index.php?rest_route=%2Fwp%2Fv2%2Fcategories&post=64934"},{"taxonomy":"post_tag","embeddable":true,"href":"https:\/\/zonaroja.com.mx\/index.php?rest_route=%2Fwp%2Fv2%2Ftags&post=64934"}],"curies":[{"name":"wp","href":"https:\/\/api.w.org\/{rel}","templated":true}]}}