{"id":64943,"date":"2024-02-04T10:52:00","date_gmt":"2024-02-04T16:52:00","guid":{"rendered":"http:\/\/www.zonaroja.com.mx\/?p=64943"},"modified":"2024-02-04T07:31:57","modified_gmt":"2024-02-04T13:31:57","slug":"culpa-la-seccion-22-a-charros-de-agresion-a-la-dirigente-sindical","status":"publish","type":"post","link":"https:\/\/zonaroja.com.mx\/?p=64943","title":{"rendered":"Culpa la Secci\u00f3n 22 a \u201ccharros\u201d de agresi\u00f3n a la dirigente sindical"},"content":{"rendered":"\n<p>Ismael Garc\u00eda M.\/Zona Roja.<\/p>\n\n\n\n<p>Oaxaca de Ju\u00e1rez, Oax., a 4 de febrero de 2024.- La Secci\u00f3n 22 del Sindicato Nacional de Trabajadores de la Educaci\u00f3n (SNTE) culp\u00f3 a \u201ccharros\u201d del gremio de la agresi\u00f3n verbal a la secretaria General, Yenny Aracely P\u00e9rez Mart\u00ednez, ocurrida durante una asamblea.<\/p>\n\n\n\n<p>\u201cEl uso de la violencia en todas sus expresiones, ha sido la pr\u00e1ctica m\u00e1s recurrente del charrismo sindical al intentar frenar el avance de la lucha en beneficio de la base magisterial democr\u00e1tica\u201d, difundi\u00f3 en un comunicado.<\/p>\n\n\n\n<p>Fue en la escuela Secundaria T\u00e9cnica n\u00famero 118 del fraccionamiento Los R\u00edos, ciudad de Oaxaca, donde el comit\u00e9 ejecutivo hab\u00eda acudido a una asamblea, el pasado viernes.<\/p>\n\n\n\n<p>Pero la jornada se sali\u00f3 de control por diversas inconformidades y la representaci\u00f3n gremial fue corrida del sitio; los culparon de proteger actos de corrupci\u00f3n y de llevar \u201cporros\u201d golpeadores a dicha asamblea.<\/p>\n\n\n\n<p>\u201cSeguimos enfrentando, una vez m\u00e1s, la ofensiva charril subsidiada por el Estado, a trav\u00e9s de sus grupos al interior de nuestro glorioso movimiento. Ante los hechos suscitados en la asamblea del Nivel de Secundarias T\u00e9cnicas, la Secci\u00f3n 22, manifiesta el rechazo total a los actos de charrismo sindical propiciado por esquiroles del Estado y exigimos que saque inmediatamente las manos de este nivel educativo.<\/p>\n\n\n\n<p>\u201cNo permitamos el uso de pr\u00e1cticas antidemocr\u00e1ticas que solo buscan la violaci\u00f3n a los derechos de los trabajadores. Recordemos que solo la unidad a trav\u00e9s de una organizaci\u00f3n firme y combativa, mantendr\u00e1 la vigencia de nuestra gloriosa Secci\u00f3n 22, para seguir enfrentando la embestida del Estado\u201d, remarc\u00f3 en su comunicado emitido anoche.<\/p>\n\n\n\n<p>Hizo un llamado \u201cfraterno\u201d a la base magisterial para que evite caer en la \u201cdesinformaci\u00f3n propagada por panfletos y p\u00e1ginas de comunicaci\u00f3n amarillistas, cuyo \u00fanico prop\u00f3sito es sesgar y desorientar a nuestra base\u201d.<\/p>\n\n\n\n<p>Expres\u00f3 su respaldo a la secretaria General, Yenny Aracely P\u00e9rez Mart\u00ednez y a la estructura sindical.&nbsp;<\/p>\n","protected":false},"excerpt":{"rendered":"<p>Ismael Garc\u00eda M.\/Zona Roja. Oaxaca de Ju\u00e1rez, Oax., a 4 de febrero de 2024.- La&hellip;<\/p>\n","protected":false},"author":2,"featured_media":64944,"comment_status":"closed","ping_status":"open","sticky":false,"template":"","format":"standard","meta":{"_lmt_disableupdate":"","_lmt_disable":"","_jetpack_memberships_contains_paid_content":false,"footnotes":""},"categories":[109,47],"tags":[312],"class_list":["post-64943","post","type-post","status-publish","format-standard","has-post-thumbnail","hentry","category-minuto-a-minuto","category-zona-gris","tag-seccion-22-del-snte"],"jetpack_featured_media_url":"https:\/\/zonaroja.com.mx\/wp-content\/uploads\/2024\/02\/Seccion-22-del-SNTe-conflicto.jpg","jetpack_sharing_enabled":true,"_links":{"self":[{"href":"https:\/\/zonaroja.com.mx\/index.php?rest_route=\/wp\/v2\/posts\/64943","targetHints":{"allow":["GET"]}}],"collection":[{"href":"https:\/\/zonaroja.com.mx\/index.php?rest_route=\/wp\/v2\/posts"}],"about":[{"href":"https:\/\/zonaroja.com.mx\/index.php?rest_route=\/wp\/v2\/types\/post"}],"author":[{"embeddable":true,"href":"https:\/\/zonaroja.com.mx\/index.php?rest_route=\/wp\/v2\/users\/2"}],"replies":[{"embeddable":true,"href":"https:\/\/zonaroja.com.mx\/index.php?rest_route=%2Fwp%2Fv2%2Fcomments&post=64943"}],"version-history":[{"count":1,"href":"https:\/\/zonaroja.com.mx\/index.php?rest_route=\/wp\/v2\/posts\/64943\/revisions"}],"predecessor-version":[{"id":64945,"href":"https:\/\/zonaroja.com.mx\/index.php?rest_route=\/wp\/v2\/posts\/64943\/revisions\/64945"}],"wp:featuredmedia":[{"embeddable":true,"href":"https:\/\/zonaroja.com.mx\/index.php?rest_route=\/wp\/v2\/media\/64944"}],"wp:attachment":[{"href":"https:\/\/zonaroja.com.mx\/index.php?rest_route=%2Fwp%2Fv2%2Fmedia&parent=64943"}],"wp:term":[{"taxonomy":"category","embeddable":true,"href":"https:\/\/zonaroja.com.mx\/index.php?rest_route=%2Fwp%2Fv2%2Fcategories&post=64943"},{"taxonomy":"post_tag","embeddable":true,"href":"https:\/\/zonaroja.com.mx\/index.php?rest_route=%2Fwp%2Fv2%2Ftags&post=64943"}],"curies":[{"name":"wp","href":"https:\/\/api.w.org\/{rel}","templated":true}]}}