{"id":64946,"date":"2024-02-04T12:00:00","date_gmt":"2024-02-04T18:00:00","guid":{"rendered":"http:\/\/www.zonaroja.com.mx\/?p=64946"},"modified":"2024-02-04T07:33:26","modified_gmt":"2024-02-04T13:33:26","slug":"detiene-fiscalia-a-sujeto-por-presunto-abuso-sexual-en-vehiculo-de-transporte","status":"publish","type":"post","link":"https:\/\/zonaroja.com.mx\/?p=64946","title":{"rendered":"Detiene Fiscal\u00eda a sujeto por presunto abuso sexual en veh\u00edculo de transporte"},"content":{"rendered":"\n<p>Redacci\u00f3n\/Zona Roja.&nbsp;<\/p>\n\n\n\n<p>Oaxaca de Ju\u00e1rez, Oax., a 4 febrero de 2024.- La Fiscal\u00eda General del Estado de Oaxaca ejecut\u00f3 una orden de aprehensi\u00f3n contra una persona del sexo masculino identificada como R. Z. A. por el delito de abuso sexual en contra de una menor de edad, hechos que ocurrieron en el Istmo de Tehuantepec.<\/p>\n\n\n\n<p>De acuerdo con el expediente penal, los hechos ocurrieron el 17 de octubre de 2023, cuando la v\u00edctima -una adolescente de 13 a\u00f1os de edad- se trasladaba en una camioneta pasajera cuando el imputado, quien tambi\u00e9n viajaba como pasajero, realiz\u00f3 tocamientos a la menor de edad.<\/p>\n\n\n\n<p>Luego de presentar la denuncia, la FGEO inici\u00f3 las investigaciones correspondientes a trav\u00e9s de la Vicefiscal\u00eda Regional del Istmo, que reuni\u00f3 las pruebas suficientes por las cuales se emiti\u00f3 la orden de aprehensi\u00f3n en contra de R. Z. A., quien fue localizado en San Juan Guichicovi y detenido por elementos de la Agencia Estatal de Investigaciones que lo pusieron a disposici\u00f3n de la autoridad correspondiente para que se determine su situaci\u00f3n jur\u00eddica.<\/p>\n\n\n\n<p>La Fiscal\u00eda General del Estado de Oaxaca atiende en forma prioritaria los casos por delitos sexuales en contra de ni\u00f1as, ni\u00f1os y adolescentes, por lo que realiza investigaciones rigurosas y multidisciplinarias a fin de permitir a las v\u00edctimas el pleno acceso a la justicia.<\/p>\n","protected":false},"excerpt":{"rendered":"<p>Redacci\u00f3n\/Zona Roja.&nbsp; Oaxaca de Ju\u00e1rez, Oax., a 4 febrero de 2024.- La Fiscal\u00eda General del&hellip;<\/p>\n","protected":false},"author":2,"featured_media":64947,"comment_status":"closed","ping_status":"open","sticky":false,"template":"","format":"standard","meta":{"_lmt_disableupdate":"","_lmt_disable":"","_jetpack_memberships_contains_paid_content":false,"footnotes":""},"categories":[109,46],"tags":[494],"class_list":["post-64946","post","type-post","status-publish","format-standard","has-post-thumbnail","hentry","category-minuto-a-minuto","category-zona-blanca","tag-fiscalia-general-del-estado-de-oaxaca"],"jetpack_featured_media_url":"https:\/\/zonaroja.com.mx\/wp-content\/uploads\/2024\/02\/BOLETIN-571-Ejecutan-orden-de-aprehension-contra-a-una-persona-por-abuso-sexual-en-transporte-publico.jpeg","jetpack_sharing_enabled":true,"_links":{"self":[{"href":"https:\/\/zonaroja.com.mx\/index.php?rest_route=\/wp\/v2\/posts\/64946","targetHints":{"allow":["GET"]}}],"collection":[{"href":"https:\/\/zonaroja.com.mx\/index.php?rest_route=\/wp\/v2\/posts"}],"about":[{"href":"https:\/\/zonaroja.com.mx\/index.php?rest_route=\/wp\/v2\/types\/post"}],"author":[{"embeddable":true,"href":"https:\/\/zonaroja.com.mx\/index.php?rest_route=\/wp\/v2\/users\/2"}],"replies":[{"embeddable":true,"href":"https:\/\/zonaroja.com.mx\/index.php?rest_route=%2Fwp%2Fv2%2Fcomments&post=64946"}],"version-history":[{"count":1,"href":"https:\/\/zonaroja.com.mx\/index.php?rest_route=\/wp\/v2\/posts\/64946\/revisions"}],"predecessor-version":[{"id":64948,"href":"https:\/\/zonaroja.com.mx\/index.php?rest_route=\/wp\/v2\/posts\/64946\/revisions\/64948"}],"wp:featuredmedia":[{"embeddable":true,"href":"https:\/\/zonaroja.com.mx\/index.php?rest_route=\/wp\/v2\/media\/64947"}],"wp:attachment":[{"href":"https:\/\/zonaroja.com.mx\/index.php?rest_route=%2Fwp%2Fv2%2Fmedia&parent=64946"}],"wp:term":[{"taxonomy":"category","embeddable":true,"href":"https:\/\/zonaroja.com.mx\/index.php?rest_route=%2Fwp%2Fv2%2Fcategories&post=64946"},{"taxonomy":"post_tag","embeddable":true,"href":"https:\/\/zonaroja.com.mx\/index.php?rest_route=%2Fwp%2Fv2%2Ftags&post=64946"}],"curies":[{"name":"wp","href":"https:\/\/api.w.org\/{rel}","templated":true}]}}