{"id":64949,"date":"2024-02-04T13:00:00","date_gmt":"2024-02-04T19:00:00","guid":{"rendered":"http:\/\/www.zonaroja.com.mx\/?p=64949"},"modified":"2024-02-04T07:34:38","modified_gmt":"2024-02-04T13:34:38","slug":"opinion-el-camino-de-la-justicia-para-abigail-hay-urrutia","status":"publish","type":"post","link":"https:\/\/zonaroja.com.mx\/?p=64949","title":{"rendered":"Opini\u00f3n. El camino de la justicia para Abigail Hay Urrutia"},"content":{"rendered":"\n<p>Soledad Jarqu\u00edn Edgar*\/SemM\u00e9xico<\/p>\n\n\n\n<p>La vida cambia cada segundo. Quiz\u00e1 la muerte sea el acto m\u00e1s impactante. Y cuando esa muerte se presenta de forma violenta, \u201cinesperada\u201d, solemos decir, el cambio es total. Cuando esa muerte sucede antes, mucho antes de lo que cronol\u00f3gicamente suponemos deber\u00eda llegar, la vida se desestabiliza por mucho tiempo.<\/p>\n\n\n\n<p>Aquella ma\u00f1ana del 19 de agosto de 2022, Abigail Hay Urrutia, una joven de 30 a\u00f1os de edad, hija, hermana y madre de dos peque\u00f1os, seguramente con deseos y sue\u00f1os por delante, discuti\u00f3 en la calle con su pareja Kleiver Nazario E. H.<\/p>\n\n\n\n<p>Despu\u00e9s empiezan a suceder los hechos inexplicables:<\/p>\n\n\n\n<p>1) un grupo o comando de polic\u00edas lleg\u00f3 hasta el lugar;<\/p>\n\n\n\n<p>2) ella es detenida, pero no su pareja;<\/p>\n\n\n\n<p>3) es llevada a los separos de la polic\u00eda municipal de Salina Cruz;<\/p>\n\n\n\n<p>4) es golpeada con severidad en las instalaciones de la polic\u00eda municipal por dos polic\u00edas y<\/p>\n\n\n\n<p>5) al cabo de unas horas avisan que \u201cla muchacha\u201d se suicid\u00f3 dentro de la comandancia.<\/p>\n\n\n\n<p>En paralelo, Kleiver Nazario E. H.<\/p>\n\n\n\n<p>6) va a recoger al hijo de ambos, un beb\u00e9, sin avisar a la familia de Abigail que ella fue detenida mientras discut\u00eda con \u00e9l.<\/p>\n\n\n\n<p>7) Al paso de los d\u00edas la familia de Abigail, sin aceptar nunca el resultado de las tres supuestas autopsias realizadas al cuerpo de la joven, tiene que salir de la poblaci\u00f3n como resultado de m\u00faltiples amenazas de servidores p\u00fablicos.<\/p>\n\n\n\n<p>\u00bfC\u00f3mo se pasa de un delito de orden civil a un supuesto suicidio dentro de las instalaciones de una comandancia de polic\u00eda? Sin duda son hechos inexplicables, concatenados hasta el funesto resultado final. Y s\u00ed, todo cambia en solo un instante.<\/p>\n\n\n\n<p>Este mi\u00e9rcoles, la Fiscal\u00eda de Oaxaca, anunci\u00f3 en su bolet\u00edn de prensa 568: Fiscal\u00eda de Oaxaca obtiene sentencia de 19 a\u00f1os de prisi\u00f3n contra responsable de Violencia Familiar que indujo al suicidio de la v\u00edctima en el Istmo de Tehuantepec. As\u00ed dice el titular del documento oficial, en que se informa que la sentencia es contra Kleiver Nazario E. H., se\u00f1alado como el responsable por la comisi\u00f3n del delito de Violencia Familiar, cometido en agravio de su hijo y su pareja, esta \u00faltima quien fue sometida a violencia psicoemocional que deriv\u00f3 en suicidio.<\/p>\n\n\n\n<p>\u00c9sta es la m\u00e1xima sentencia en caso de violencia familiar inducido, refiere Y\u00e9sica S\u00e1nchez Maya, directiva de Consorcio Oaxaca, la organizaci\u00f3n que ha dado acompa\u00f1amiento integral a la familia Hay Urrutia y quien ha se\u00f1alado que existen otras carpetas de investigaci\u00f3n abiertas, una de las cuales por la actuaci\u00f3n del Juez calificador Joel Alberto Luis V\u00e1squez, quien fue reintegrado tras breve detenci\u00f3n y separaci\u00f3n de su cargo, y las tres polic\u00edas que violentaron tambi\u00e9n a Abigail en las instalaciones de la corporaci\u00f3n policiaca municipal.<\/p>\n\n\n\n<p>Como siempre sucede hubo alguien m\u00e1s detr\u00e1s de todo. El presidente municipal de Salina Cruz, el morenista Daniel M\u00e9ndez Sosa, por el que se integr\u00f3 una queja en la Comisi\u00f3n Nacional de Derechos Humanos y a pesar del tiempo transcurrido, sigue sin una recomendaci\u00f3n, duerme en alg\u00fan caj\u00f3n. \u00bfProtecci\u00f3n al mun\u00edcipe? Usted saque sus propias conclusiones, yo ya tengo las m\u00edas.<\/p>\n\n\n\n<p>Entonces desde las v\u00edctimas, aunque la sentencia es en primera instancia, algo se ha ganado. Falta que la justicia se cumpla contra todos esos servidores p\u00fablicos, inhumanos y faltos de criterio, que fueron acusados por el delito de homicidio de acci\u00f3n por omisi\u00f3n, pero como ya dijimos siguen su vida como si nada. Todos los d\u00edas recorren las mismas calles, quiz\u00e1 pasan por la misma donde decidieron detener a Abigail por estar produciendo esc\u00e1ndalo, tambi\u00e9n acuden a los separos, los mismos donde golpearon (seg\u00fan los videos) a Abigail y el juez calificador sigue considerando que una mujer que mantea y quiz\u00e1 grita es un peligro para la sociedad y merece ser castigada o tal vez, no lo s\u00e9, actu\u00f3 por consigna,<\/p>\n\n\n\n<p>Hace una semana Ana Laura Magoloni Kerpel, doctora en Derecho, quien es acad\u00e9micas e investigadora, y ha participado en diversas reformas jur\u00eddicas a la Constituci\u00f3n mexicana, dict\u00f3 aqu\u00ed una conferencia, en el marco de las jornadas La Ciudad de Oaxaca, patrimonio cultural de la humanidad y sus grandes problemas, con el tema Justicia de Barrio una mirada al conflicto desde el ras de la tierra, que lleva a cabo Mart\u00edn V\u00e1squez Villanueva y moderado por Carlos Tello.<\/p>\n\n\n\n<p>Sin duda me hubiera gustado que las y los fiscales hubieran asistido a la Biblioteca Burgoa para escuchar a Magaloni Kerpel. Yo entend\u00ed, y ahora lo confirmo con la actuaci\u00f3n de las autoridades en el feminicidio inducido de Abigail Hay Urrutia, que la asignatura pendiente de la justicia est\u00e1 en manos de las autoridades municipales, prevenir el delito e intervenir a las comunidades con mejores y m\u00e1s opciones. Se entiende, y yo creo que es as\u00ed, los apoyos reales, no becas ni apoyos que se gastan en tel\u00e9fonos celulares las personas j\u00f3venes o en medicamentos las personas mayores.<\/p>\n\n\n\n<p>Dice Magaloni que la mirada tiene que ser clara hacia la pacificaci\u00f3n. Los abrazos y no balazos, \u201cme gusta\u201d dijo la experta, pero no desde la visi\u00f3n del presidente Andr\u00e9s Manuel L\u00f3pez Obrador. Tenemos los instrumentos m\u00e1s potentes en las leyes y en el sistema jur\u00eddico, pero la atenci\u00f3n empieza desde los gobiernos locales.<\/p>\n\n\n\n<p>Con toda claridad, en el feminicidio inducido, que no debi\u00f3 ocurrir, la autoridad municipal tiene una grave responsabilidad. S\u00ed es clara la omisi\u00f3n, la complicidad y la corrupci\u00f3n. Ya se despej\u00f3 un tramo del intrincado camino que enfrenta la familia Hay Urrutia, pero hace falta mucho m\u00e1s. Ojal\u00e1 que el sistema jur\u00eddico act\u00fae y que el sistema pol\u00edtico que es patriarcal no proteja a los delincuentes de cuello blanco que hicieron mal, p\u00e9simo, su trabajo.<\/p>\n\n\n\n<p>*Periodista y activista feminista.<\/p>\n","protected":false},"excerpt":{"rendered":"<p>Soledad Jarqu\u00edn Edgar*\/SemM\u00e9xico La vida cambia cada segundo. Quiz\u00e1 la muerte sea el acto m\u00e1s&hellip;<\/p>\n","protected":false},"author":2,"featured_media":52718,"comment_status":"closed","ping_status":"open","sticky":false,"template":"","format":"standard","meta":{"_lmt_disableupdate":"","_lmt_disable":"","_jetpack_memberships_contains_paid_content":false,"footnotes":""},"categories":[456,109],"tags":[1105],"class_list":["post-64949","post","type-post","status-publish","format-standard","has-post-thumbnail","hentry","category-columna","category-minuto-a-minuto","tag-soledad-jarquin-edgar"],"jetpack_featured_media_url":"https:\/\/zonaroja.com.mx\/wp-content\/uploads\/2023\/03\/Soledad-Jarquin-.jpeg","jetpack_sharing_enabled":true,"_links":{"self":[{"href":"https:\/\/zonaroja.com.mx\/index.php?rest_route=\/wp\/v2\/posts\/64949","targetHints":{"allow":["GET"]}}],"collection":[{"href":"https:\/\/zonaroja.com.mx\/index.php?rest_route=\/wp\/v2\/posts"}],"about":[{"href":"https:\/\/zonaroja.com.mx\/index.php?rest_route=\/wp\/v2\/types\/post"}],"author":[{"embeddable":true,"href":"https:\/\/zonaroja.com.mx\/index.php?rest_route=\/wp\/v2\/users\/2"}],"replies":[{"embeddable":true,"href":"https:\/\/zonaroja.com.mx\/index.php?rest_route=%2Fwp%2Fv2%2Fcomments&post=64949"}],"version-history":[{"count":1,"href":"https:\/\/zonaroja.com.mx\/index.php?rest_route=\/wp\/v2\/posts\/64949\/revisions"}],"predecessor-version":[{"id":64950,"href":"https:\/\/zonaroja.com.mx\/index.php?rest_route=\/wp\/v2\/posts\/64949\/revisions\/64950"}],"wp:featuredmedia":[{"embeddable":true,"href":"https:\/\/zonaroja.com.mx\/index.php?rest_route=\/wp\/v2\/media\/52718"}],"wp:attachment":[{"href":"https:\/\/zonaroja.com.mx\/index.php?rest_route=%2Fwp%2Fv2%2Fmedia&parent=64949"}],"wp:term":[{"taxonomy":"category","embeddable":true,"href":"https:\/\/zonaroja.com.mx\/index.php?rest_route=%2Fwp%2Fv2%2Fcategories&post=64949"},{"taxonomy":"post_tag","embeddable":true,"href":"https:\/\/zonaroja.com.mx\/index.php?rest_route=%2Fwp%2Fv2%2Ftags&post=64949"}],"curies":[{"name":"wp","href":"https:\/\/api.w.org\/{rel}","templated":true}]}}