{"id":64951,"date":"2024-02-04T14:00:00","date_gmt":"2024-02-04T20:00:00","guid":{"rendered":"http:\/\/www.zonaroja.com.mx\/?p=64951"},"modified":"2024-02-04T07:36:23","modified_gmt":"2024-02-04T13:36:23","slug":"devastadores-incendios-en-chile-han-dejado-46-fallecidos","status":"publish","type":"post","link":"https:\/\/zonaroja.com.mx\/?p=64951","title":{"rendered":"Devastadores incendios en Chile han dejado 46 fallecidos"},"content":{"rendered":"\n<p>Redacci\u00f3n\/Zona Roja Cdmx.<\/p>\n\n\n\n<p>Ciudad de M\u00e9xico, a 4 de febrero de 2024.- Al menos 46 personas fallecidas, varias otras decenas desaparecidas, miles de evacuados y m\u00e1s de mil casas destruidas, es el saldo provisorio que van dejando diversos incendios forestales que se desataron en la regi\u00f3n de Valpara\u00edso, aleda\u00f1a a la capital chilena, y que hasta la tarde del s\u00e1bado permanec\u00edan incontrolables debido a la multiplicidad de focos, las altas temperaturas y el viento reinante que acelera la expansi\u00f3n de las llamas.<\/p>\n\n\n\n<p>La gravedad de los siniestros en el entorno de ciudades como Vi\u00f1a del Mar, Quilpu\u00e9, Limache, Villa Alemana, Casablanca y otras, y su avance imparable, forz\u00f3 al presidente Gabriel Boric a decretar estado de emergencia constitucional de cat\u00e1strofe, as\u00ed como toque de queda en algunas de aquellas localidades, para mantener el orden p\u00fablico y facilitar el ataque a los siniestros.<\/p>\n\n\n\n<p>Los a lo menos siete frentes de fuego en Valpara\u00edso hab\u00edan consumido desde el viernes unas 3 mil hect\u00e1reas de bosques de eucalipto, pino, especies nativas y pastizales aleda\u00f1os a las viviendas y poblaciones siniestradas.<\/p>\n\n\n\n<p>La topograf\u00eda, plagada de cerros y profundas quebradas, hac\u00eda complejo el ataque de las llamas, pese al a ratos dram\u00e1tico esfuerzo de los bomberos forestales, militares, aviadores y civiles.<\/p>\n\n\n\n<p>Los fuegos, que tienen 99 por ciento de origen provocado por la acci\u00f3n humana y, en no pocos casos, una intencionalidad criminal, se han visto atizados por temperaturas que rondan los 40 grados cent\u00edgrados, una ola de calor que se prolonga por casi todo el verano austral.<\/p>\n\n\n\n<p>Al respecto, el gobierno de M\u00e9xico expres\u00f3 este s\u00e1bado sus condolencias y anunci\u00f3 que apoyar\u00e1 a los mexicanos que as\u00ed lo requieran.<\/p>\n\n\n\n<p>La Embajada de M\u00e9xico en Chile permanece en alerta permanente en caso de que connacionales resulten afectados por estos hechos y llam\u00f3 a la comunidad mexicana residente en la regi\u00f3n afectada a seguir las indicaciones y recomendaciones que formulen las autoridades correspondientes, de acuerdo con un comunicado de la Secretar\u00eda de Relaciones Exteriores (SRE).<\/p>\n\n\n\n<p>El tel\u00e9fono de emergencias de la secci\u00f3n consular de la embajada mexicana (+56 9 9682 3061) est\u00e1 a la disposici\u00f3n de los connacionales que requieran apoyo u orientaci\u00f3n.<\/p>\n\n\n\n<p>\u201cEl gobierno de M\u00e9xico expresa sus condolencias a las familias de las personas fallecidas y su solidaridad a las personas afectadas, al tiempo que manifiesta su total disposici\u00f3n en caso de que el Gobierno de la Rep\u00fablica de Chile solicite apoyo\u201d, indic\u00f3 la Canciller\u00eda.<\/p>\n\n\n\n<p>(Con informaci\u00f3n de&nbsp;Arturo S\u00e1nchez Jim\u00e9nez, en \u201cLa Jornada\u201d)<\/p>\n","protected":false},"excerpt":{"rendered":"<p>Redacci\u00f3n\/Zona Roja Cdmx. Ciudad de M\u00e9xico, a 4 de febrero de 2024.- Al menos 46&hellip;<\/p>\n","protected":false},"author":2,"featured_media":52452,"comment_status":"closed","ping_status":"open","sticky":false,"template":"","format":"standard","meta":{"_lmt_disableupdate":"","_lmt_disable":"","_jetpack_memberships_contains_paid_content":false,"footnotes":""},"categories":[109,47],"tags":[3837],"class_list":["post-64951","post","type-post","status-publish","format-standard","has-post-thumbnail","hentry","category-minuto-a-minuto","category-zona-gris","tag-incendios-chile"],"jetpack_featured_media_url":"https:\/\/zonaroja.com.mx\/wp-content\/uploads\/2023\/03\/Incendio-forestal-Bomberos.jpg","jetpack_sharing_enabled":true,"_links":{"self":[{"href":"https:\/\/zonaroja.com.mx\/index.php?rest_route=\/wp\/v2\/posts\/64951","targetHints":{"allow":["GET"]}}],"collection":[{"href":"https:\/\/zonaroja.com.mx\/index.php?rest_route=\/wp\/v2\/posts"}],"about":[{"href":"https:\/\/zonaroja.com.mx\/index.php?rest_route=\/wp\/v2\/types\/post"}],"author":[{"embeddable":true,"href":"https:\/\/zonaroja.com.mx\/index.php?rest_route=\/wp\/v2\/users\/2"}],"replies":[{"embeddable":true,"href":"https:\/\/zonaroja.com.mx\/index.php?rest_route=%2Fwp%2Fv2%2Fcomments&post=64951"}],"version-history":[{"count":1,"href":"https:\/\/zonaroja.com.mx\/index.php?rest_route=\/wp\/v2\/posts\/64951\/revisions"}],"predecessor-version":[{"id":64952,"href":"https:\/\/zonaroja.com.mx\/index.php?rest_route=\/wp\/v2\/posts\/64951\/revisions\/64952"}],"wp:featuredmedia":[{"embeddable":true,"href":"https:\/\/zonaroja.com.mx\/index.php?rest_route=\/wp\/v2\/media\/52452"}],"wp:attachment":[{"href":"https:\/\/zonaroja.com.mx\/index.php?rest_route=%2Fwp%2Fv2%2Fmedia&parent=64951"}],"wp:term":[{"taxonomy":"category","embeddable":true,"href":"https:\/\/zonaroja.com.mx\/index.php?rest_route=%2Fwp%2Fv2%2Fcategories&post=64951"},{"taxonomy":"post_tag","embeddable":true,"href":"https:\/\/zonaroja.com.mx\/index.php?rest_route=%2Fwp%2Fv2%2Ftags&post=64951"}],"curies":[{"name":"wp","href":"https:\/\/api.w.org\/{rel}","templated":true}]}}