{"id":64953,"date":"2024-02-04T17:39:24","date_gmt":"2024-02-04T23:39:24","guid":{"rendered":"http:\/\/www.zonaroja.com.mx\/?p=64953"},"modified":"2024-02-04T17:39:25","modified_gmt":"2024-02-04T23:39:25","slug":"quince-anos-despues-queda-abierta-la-supercarretera-a-la-costa","status":"publish","type":"post","link":"https:\/\/zonaroja.com.mx\/?p=64953","title":{"rendered":"Quince a\u00f1os despu\u00e9s, queda abierta la supercarretera a la Costa"},"content":{"rendered":"\n<p>Redacci\u00f3n\/Zona Roja.<\/p>\n\n\n\n<p>Oaxaca de Ju\u00e1rez, Oax., a 4 de febrero de 2024.- A partir de hoy se abre a la circulaci\u00f3n la autopista Barranca Larga-Ventanilla sin cobro de peaje hasta finales de septiembre, anunci\u00f3 el presidente Andr\u00e9s Manuel L\u00f3pez Obrador al inaugurar esta v\u00eda de 104.3 kil\u00f3metros, que reduce a dos horas y media el trayecto que se recorr\u00eda en seis y media.<\/p>\n\n\n\n<p>\u201cConvenc\u00ed a Jorge Mendoza, director de Banobras, para que, mientras estemos nosotros en el gobierno, no se cobre la cuota aqu\u00ed, en esta carretera. Y vamos a dejar una propuesta: a partir de septiembre, finales de septiembre, s\u00ed se cobre, nada m\u00e1s a visitantes y a transporte de carga, pero no a los oaxaque\u00f1os.<\/p>\n\n\n\n<p>\u201c\u00bfY por qu\u00e9 se tiene que cobrar, aunque sea una cuota m\u00ednima? Para el mantenimiento. Y la carretera la va a manejar una empresa p\u00fablica: Capufe\u201d, dijo el mandatario.<\/p>\n\n\n\n<p>Tras anunciar que el 31 de agosto se inaugura la carretera Oaxaca-Tehuantepec de 170 km, inform\u00f3 que el gobierno federal comprar\u00e1 la concesi\u00f3n a la empresa Ideal, de Carlos Slim, a quien agradeci\u00f3 el acuerdo pactado en muy buenos t\u00e9rminos y con ganancias razonables.<\/p>\n\n\n\n<p>El primer mandatario hizo un reconocimiento especial a todas las comunidades de la regi\u00f3n, como San Vicente Coatl\u00e1n, y ratific\u00f3 a las autoridades ejidales que se cumplir\u00e1n los compromisos pendientes porque son en beneficio de los pueblos.<\/p>\n\n\n\n<p>A\u00f1adi\u00f3 que el gobierno federal no abandonar\u00e1 las carreteras libres y se realizar\u00e1n trabajos de reconstrucci\u00f3n y\/o ampliaci\u00f3n en zonas como Miahuatl\u00e1n o Juquila, adem\u00e1s de que no quedar\u00e1 una sola cabecera municipal sin pavimento al terminar la administraci\u00f3n.<\/p>\n\n\n\n<p>\u201cNo hemos entregado concesiones para particulares, todo lo que hemos hecho ha sido con dinero del presupuesto. Y no tenemos problemas, afortunadamente estamos terminando con finanzas p\u00fablicas sanas.\u201d<\/p>\n\n\n\n<p>REDUCE BRECHA DE DESIGUALDAD<\/p>\n\n\n\n<p>El gobernador de Oaxaca, Salom\u00f3n Jara Cruz, record\u00f3 que la inversi\u00f3n fue de 11 mil 690 millones de pesos para unir la ciudad de Oaxaca con la costa:<\/p>\n\n\n\n<p>\u201cSobre todo, ayudar\u00e1 a reducir las brechas de desigualad, brindando una oportunidad de inclusi\u00f3n, desarrollo y bienestar a los m\u00e1s de 500 mil habitantes de los 50 municipios de esta regi\u00f3n.\u201d<\/p>\n\n\n\n<p>El secretario de Infraestructura, Comunicaciones y Transportes, Jorge Nu\u00f1o Lara, dijo que se realizaron esfuerzos tit\u00e1nicos desde 2020 que recibieron la instrucci\u00f3n del presidente para concluir la autopista Barranca Larga-Ventanilla, ya que era una v\u00eda colapsada tras a\u00f1os de abandono, afectada por sismos, deterioro estructural y la problem\u00e1tica social derivada del incumplimiento de compromisos.<\/p>\n\n\n\n<p>\u201cQuiero expresar mi m\u00e1s amplio reconocimiento a la secretar\u00eda y al gobierno del estado de Oaxaca, que hicieron posible el inicio, la construcci\u00f3n y conclusi\u00f3n de esta obra; a las empresas constructoras, proyectistas, as\u00ed como a las mujeres y hombres que conquistaron la sierra, perforaron la roca, desafiaron el vac\u00edo para construir la autopista en beneficio de Oaxaca y su gente.<\/p>\n\n\n\n<p>\u201cContamos con la activa colaboraci\u00f3n de los tres \u00f3rdenes de gobierno para realizar obras sociales, como caminos cosecheros, l\u00edneas de conducci\u00f3n de agua, electrificaci\u00f3n, rehabilitaci\u00f3n de escuelas, cl\u00ednicas; adem\u00e1s, se mejoraron caminos entre comunidades y se conectaron con la autopista.\u201d<\/p>\n\n\n\n<p>El director general del Banco Nacional de Obras y Servicios (Banobras), Jorge Mendoza S\u00e1nchez, record\u00f3 que la autopista Barranca Larga-Ventanilla se concluye tras 15 a\u00f1os, por lo que se salda una deuda hist\u00f3rica con Oaxaca.<\/p>\n\n\n\n<p>Inform\u00f3 que la v\u00eda tiene longitud de 104.3 kil\u00f3metros y se espera el aforo diario de cuatro mil veh\u00edculos. Gener\u00f3 mil 800 empleos directos y m\u00e1s de tres mil 500 indirectos.<\/p>\n\n\n\n<p>\u201cEsta es una autopista con la mejor calidad, es mucho m\u00e1s segura y mucho m\u00e1s r\u00e1pida para llegar a su destino. Les invito a que vengan todos a conocerla.\u201d<\/p>\n\n\n\n<p>Tambi\u00e9n acompa\u00f1aron al presidente: el subsecretario de Egresos de la Secretar\u00eda de Hacienda y Cr\u00e9dito P\u00fablico (SHCP), Juan Pablo de Botton Falc\u00f3n; el director general del Instituto Nacional de los Pueblos Ind\u00edgenas (INPI), Adelfo Regino Montes; la directora general de Caminos y Puentes Federales (Capude), Elsa Julita Veites Ar\u00e9valo; y el exgobernador de Oaxaca, Alejandro Murat Hinojosa.<\/p>\n\n\n\n<p>EL DATO<\/p>\n\n\n\n<p>Autopista Barranca Larga-Ventanilla<\/p>\n\n\n\n<p>Longitud: 104.3 km<\/p>\n\n\n\n<p>Velocidad de recorrido: 90-110 km por hora.<\/p>\n\n\n\n<p>Localidades atendidas: Barranca Larga, Santiago Yogana, San Vicente Coatl\u00e1n, San Pablo Coatl\u00e1n, Santa Mar\u00eda Colotepec.<\/p>\n\n\n\n<p>M\u00e1s de 100 mil habitantes beneficiados de 11 comunidades.<\/p>\n\n\n\n<p>Reduce a dos horas y media el trayecto que se recorr\u00eda en seis y media.<\/p>\n\n\n\n<p>Aforo diario: cuatro mil 253 veh\u00edculos.<\/p>\n\n\n\n<p>Empleos: mil 800 directos y tres mil 500 indirectos.<\/p>\n","protected":false},"excerpt":{"rendered":"<p>Redacci\u00f3n\/Zona Roja. Oaxaca de Ju\u00e1rez, Oax., a 4 de febrero de 2024.- A partir de&hellip;<\/p>\n","protected":false},"author":2,"featured_media":64955,"comment_status":"closed","ping_status":"open","sticky":false,"template":"","format":"standard","meta":{"_lmt_disableupdate":"","_lmt_disable":"","_jetpack_memberships_contains_paid_content":false,"footnotes":""},"categories":[109,46],"tags":[143,939],"class_list":["post-64953","post","type-post","status-publish","format-standard","has-post-thumbnail","hentry","category-minuto-a-minuto","category-zona-blanca","tag-andres-manuel-lopez-obrador","tag-salomon-jara-cruz"],"jetpack_featured_media_url":"https:\/\/zonaroja.com.mx\/wp-content\/uploads\/2024\/02\/Lopez-Obrador-Salomon-Jara-supercarretera-Costa.jpg","jetpack_sharing_enabled":true,"_links":{"self":[{"href":"https:\/\/zonaroja.com.mx\/index.php?rest_route=\/wp\/v2\/posts\/64953","targetHints":{"allow":["GET"]}}],"collection":[{"href":"https:\/\/zonaroja.com.mx\/index.php?rest_route=\/wp\/v2\/posts"}],"about":[{"href":"https:\/\/zonaroja.com.mx\/index.php?rest_route=\/wp\/v2\/types\/post"}],"author":[{"embeddable":true,"href":"https:\/\/zonaroja.com.mx\/index.php?rest_route=\/wp\/v2\/users\/2"}],"replies":[{"embeddable":true,"href":"https:\/\/zonaroja.com.mx\/index.php?rest_route=%2Fwp%2Fv2%2Fcomments&post=64953"}],"version-history":[{"count":1,"href":"https:\/\/zonaroja.com.mx\/index.php?rest_route=\/wp\/v2\/posts\/64953\/revisions"}],"predecessor-version":[{"id":64956,"href":"https:\/\/zonaroja.com.mx\/index.php?rest_route=\/wp\/v2\/posts\/64953\/revisions\/64956"}],"wp:featuredmedia":[{"embeddable":true,"href":"https:\/\/zonaroja.com.mx\/index.php?rest_route=\/wp\/v2\/media\/64955"}],"wp:attachment":[{"href":"https:\/\/zonaroja.com.mx\/index.php?rest_route=%2Fwp%2Fv2%2Fmedia&parent=64953"}],"wp:term":[{"taxonomy":"category","embeddable":true,"href":"https:\/\/zonaroja.com.mx\/index.php?rest_route=%2Fwp%2Fv2%2Fcategories&post=64953"},{"taxonomy":"post_tag","embeddable":true,"href":"https:\/\/zonaroja.com.mx\/index.php?rest_route=%2Fwp%2Fv2%2Ftags&post=64953"}],"curies":[{"name":"wp","href":"https:\/\/api.w.org\/{rel}","templated":true}]}}