{"id":64957,"date":"2024-02-04T18:40:00","date_gmt":"2024-02-05T00:40:00","guid":{"rendered":"http:\/\/www.zonaroja.com.mx\/?p=64957"},"modified":"2024-02-04T17:42:07","modified_gmt":"2024-02-04T23:42:07","slug":"en-ecuador-5621-detenidos-en-casi-un-mes-de-conflicto","status":"publish","type":"post","link":"https:\/\/zonaroja.com.mx\/?p=64957","title":{"rendered":"En Ecuador, 5,621 detenidos en casi un mes de conflicto"},"content":{"rendered":"\n<p>Redacci\u00f3n\/Zona Roja Cdmx.<\/p>\n\n\n\n<p>Ciudad de M\u00e9xico, a 4 de febrero de 2024.- Un total de 5 mil 621 personas han sido detenidas en Ecuador durante los primeros 26 d\u00edas de la declaraci\u00f3n por parte del Gobierno de un \u201cconflicto armado interno\u201d contra el crimen organizado, de los cuales 237 fueron arrestados por presunto terrorismo.<\/p>\n\n\n\n<p>La cifra se desprende de un balance del Gobierno de Ecuador publicado este s\u00e1bado sobre las operaciones policiales y militares realizadas en el territorio nacional bajo este nuevo escenario, donde 22 bandas del crimen organizado han sido consideradas como grupos terroristas y actores beligerante no estatales.<\/p>\n\n\n\n<p>Entre el 9 de enero y el 3 de febrero las autoridades ecuatorianas tambi\u00e9n afirman haber abatido a seis presuntos miembros de estas bandas ahora catalogadas como terroristas, mientras que dos polic\u00edas fueron asesinados y otros once fueron liberados de distintos secuestros ejecutados aparentemente por estas mafias.<\/p>\n\n\n\n<p>Durante ese periodo se han incautado mil 864 armas de fuego, 2 mil 628 armas blancas, mil 20 alimentadoras de armas, m\u00e1s de 93 mil balas y cerca de 10 mil explosivos.<\/p>\n\n\n\n<p>Las fuerzas del orden de Ecuador han decomisado tambi\u00e9n m\u00e1s de 41,7 toneladas de drogas y m\u00e1s de 117.000 d\u00f3lares en efectivo.<\/p>\n\n\n\n<p>De acuerdo al balance del Ejecutivo, en estos 26 d\u00edas hubo trece atentados a infraestructuras p\u00fablicas y privadas e igual n\u00famero de establecimientos policiales.<\/p>\n\n\n\n<p>Las fuerzas del orden han desplegado 68 mil 707 operativos y han aprehendido 28 embarcaciones, entre ellas un semisumergible cargado con droga, en el que estaban tres colombianos, ahora en prisi\u00f3n preventiva.<\/p>\n\n\n\n<p>El \u201cconflicto armado interno\u201d fue declarado por el presidente de Ecuador, Daniel Noboa, el 9 de enero ante una oleada de atentados y acciones violentas atribuidas al crimen organizado, que incluyeron el secuestro de polic\u00edas, alertas de explosiones, veh\u00edculos incendiados, motines simult\u00e1neos en c\u00e1rceles con unos 200 rehenes que lograron ser liberados y la toma de un canal de televisi\u00f3n por parte de trece encapuchados armados, ahora detenidos.<\/p>\n\n\n\n<p>Durante esos motines se fugaron cerca de 90 presos, entre ellos Fabricio Col\u00f3n Pico, considerado uno de los cabecillas de la banda Los Lobos&nbsp;y se\u00f1alado de presuntamente planear un atentado contra la fiscal general, Diana Salazar.<\/p>\n\n\n\n<p>Antes de esos episodios hab\u00eda huido Jos\u00e9 Adolfo Mac\u00edas, m\u00e1s conocido como Fito, el l\u00edder de Los Choneros, una de las bandas m\u00e1s violentas del pa\u00eds, y catalogadas ahora por el Gobierno de Daniel Noboa como \u201cterroristas\u201d.<\/p>\n\n\n\n<p>(Con informaci\u00f3n de EFE)<\/p>\n","protected":false},"excerpt":{"rendered":"<p>Redacci\u00f3n\/Zona Roja Cdmx. Ciudad de M\u00e9xico, a 4 de febrero de 2024.- Un total de&hellip;<\/p>\n","protected":false},"author":2,"featured_media":64479,"comment_status":"closed","ping_status":"open","sticky":false,"template":"","format":"standard","meta":{"_lmt_disableupdate":"","_lmt_disable":"","_jetpack_memberships_contains_paid_content":false,"footnotes":""},"categories":[109,47],"tags":[3804],"class_list":["post-64957","post","type-post","status-publish","format-standard","has-post-thumbnail","hentry","category-minuto-a-minuto","category-zona-gris","tag-crisis-en-ecuador"],"jetpack_featured_media_url":"https:\/\/zonaroja.com.mx\/wp-content\/uploads\/2024\/01\/Detenidos-Ecuador.jpeg","jetpack_sharing_enabled":true,"_links":{"self":[{"href":"https:\/\/zonaroja.com.mx\/index.php?rest_route=\/wp\/v2\/posts\/64957","targetHints":{"allow":["GET"]}}],"collection":[{"href":"https:\/\/zonaroja.com.mx\/index.php?rest_route=\/wp\/v2\/posts"}],"about":[{"href":"https:\/\/zonaroja.com.mx\/index.php?rest_route=\/wp\/v2\/types\/post"}],"author":[{"embeddable":true,"href":"https:\/\/zonaroja.com.mx\/index.php?rest_route=\/wp\/v2\/users\/2"}],"replies":[{"embeddable":true,"href":"https:\/\/zonaroja.com.mx\/index.php?rest_route=%2Fwp%2Fv2%2Fcomments&post=64957"}],"version-history":[{"count":1,"href":"https:\/\/zonaroja.com.mx\/index.php?rest_route=\/wp\/v2\/posts\/64957\/revisions"}],"predecessor-version":[{"id":64958,"href":"https:\/\/zonaroja.com.mx\/index.php?rest_route=\/wp\/v2\/posts\/64957\/revisions\/64958"}],"wp:featuredmedia":[{"embeddable":true,"href":"https:\/\/zonaroja.com.mx\/index.php?rest_route=\/wp\/v2\/media\/64479"}],"wp:attachment":[{"href":"https:\/\/zonaroja.com.mx\/index.php?rest_route=%2Fwp%2Fv2%2Fmedia&parent=64957"}],"wp:term":[{"taxonomy":"category","embeddable":true,"href":"https:\/\/zonaroja.com.mx\/index.php?rest_route=%2Fwp%2Fv2%2Fcategories&post=64957"},{"taxonomy":"post_tag","embeddable":true,"href":"https:\/\/zonaroja.com.mx\/index.php?rest_route=%2Fwp%2Fv2%2Ftags&post=64957"}],"curies":[{"name":"wp","href":"https:\/\/api.w.org\/{rel}","templated":true}]}}