{"id":64959,"date":"2024-02-04T19:00:00","date_gmt":"2024-02-05T01:00:00","guid":{"rendered":"http:\/\/www.zonaroja.com.mx\/?p=64959"},"modified":"2024-02-04T17:48:29","modified_gmt":"2024-02-04T23:48:29","slug":"presenta-misayo-tsutsui-la-exposicion-de-la-a-a-la-z-en-el-alacran","status":"publish","type":"post","link":"https:\/\/zonaroja.com.mx\/?p=64959","title":{"rendered":"Presenta Misayo Tsutsui la exposici\u00f3n\u00a0\u201cDe la A a la Z\u201d, en \u201cEl Alacr\u00e1n\u201d"},"content":{"rendered":"\n<p>Redacci\u00f3n\/Zona Roja.<\/p>\n\n\n\n<p>Oaxaca de Ju\u00e1rez, Oax., a 4 de febrero de 2024.- Originaria de Jap\u00f3n, la artista Misayo Tsutsui lleg\u00f3 a Oaxaca en 2007 para estudiar gr\u00e1fica, nueve a\u00f1os antes en Tokio a trav\u00e9s de una exposici\u00f3n de gr\u00e1fica mexicana, se acerc\u00f3 a la obra de artistas como Francisco Toledo, Leonora Carrington, Rodolfo Nieto, Jos\u00e9 Luis Cuevas, entre otros, esto despert\u00f3 su inter\u00e9s para venir a estudiar la t\u00e9cnica en M\u00e9xico.<\/p>\n\n\n\n<p>Ahora la artista presenta la exposici\u00f3n&nbsp;\u201cDe la A a la Z\u201d, en \u00abEl Alacr\u00e1n\u201d, un espacio del Instituto de Artes Gr\u00e1ficas de Oaxaca (IAGO), que se encuentra en Murgu\u00eda 302, desde el 2 de febrero al 10 de marzo de 2024.&nbsp;<\/p>\n\n\n\n<p>\u201cEl t\u00edtulo de la exposici\u00f3n&nbsp;\u201cDe la A a la Z\u201d&nbsp;viene de una de las piezas que es un alfabeto donde quer\u00eda mostrar de la letra A a la Z parte del Oaxaca que he conocido en los \u00faltimos 17 a\u00f1os\u201d detall\u00f3 Tsutsui.&nbsp;<\/p>\n\n\n\n<p>La artista presenta&nbsp;25 gr\u00e1ficas, la mayor\u00eda en t\u00e9cnica de xilograf\u00eda y lin\u00f3leo, \u201cme gusta mucho la xilograf\u00eda, porque es un proceso donde no hay vuelta atr\u00e1s, si haces una l\u00ednea ya no puedes corregir y siempre hay sorpresas en las im\u00e1genes y los colores que resultan\u201d.<\/p>\n\n\n\n<p>Agreg\u00f3 que en la gr\u00e1fica \u201ces dif\u00edcil controlar todo, es un proceso largo, siempre hay algo que se sale de tu control y es muy bonito al final\u201d.<\/p>\n\n\n\n<p>En su obra, Tsutsui aborda la vida cotidiana de Oaxaca, \u201cal caminar siempre encuentras mucha inspiraci\u00f3n, a partir de eso hago mis gr\u00e1ficas e ilustraciones, la \u00faltima pieza realice es un cactus, vi un hueco que un ave hab\u00eda hecho y de repente pens\u00e9 que quer\u00eda vivir en ese hueco, as\u00ed que hice una gr\u00e1fica a dos colores\u201d.<\/p>\n\n\n\n<p>Para la artista exponer en uno de los espacios del IAGO representa mucho, ya que es un espacio que ha aportado al movimiento gr\u00e1fico en Oaxaca, \u201ces la primera exposici\u00f3n individual que realiz\u00f3 y hacer aqui es como un sue\u00f1o muy grande\u201d&nbsp;<\/p>\n\n\n\n<p>Misayo Tsutsui naci\u00f3 en Yokohama, Jap\u00f3n en el a\u00f1o de 1974, estudi\u00f3 la licenciatura de Science of Design en Musashino Art University, despu\u00e9s viaj\u00f3 a Oaxaca en el a\u00f1o 2007, donde estudi\u00f3 la Licenciatura de Artes Pl\u00e1sticas y Visuales en la Universidad Aut\u00f3noma Benito Ju\u00e1rez de Oaxaca (UABJO), posteriormente, empez\u00f3 a trabajar como encargada general de la Galer\u00eda Takeda, adscrita a la Escuela de Bellas Artes (EBA) de la UABJO.&nbsp;<\/p>\n\n\n\n<p>Tambi\u00e9n, cofund\u00f3 el Taller Burro Press; y, en la actualidad, hallando un inter\u00e9s en la vida cotidiana de Oaxaca, realiza ilustraciones y grabados con referencia a personas, cultura y tradiciones, las cuales observa diariamente.<\/p>\n","protected":false},"excerpt":{"rendered":"<p>Redacci\u00f3n\/Zona Roja. Oaxaca de Ju\u00e1rez, Oax., a 4 de febrero de 2024.- Originaria de Jap\u00f3n,&hellip;<\/p>\n","protected":false},"author":2,"featured_media":64960,"comment_status":"closed","ping_status":"open","sticky":false,"template":"","format":"standard","meta":{"_lmt_disableupdate":"","_lmt_disable":"","_jetpack_memberships_contains_paid_content":false,"footnotes":""},"categories":[109,46],"tags":[3838],"class_list":["post-64959","post","type-post","status-publish","format-standard","has-post-thumbnail","hentry","category-minuto-a-minuto","category-zona-blanca","tag-misayo-tsutsui"],"jetpack_featured_media_url":"https:\/\/zonaroja.com.mx\/wp-content\/uploads\/2024\/02\/Exposicion-IAGO.jpg","jetpack_sharing_enabled":true,"_links":{"self":[{"href":"https:\/\/zonaroja.com.mx\/index.php?rest_route=\/wp\/v2\/posts\/64959","targetHints":{"allow":["GET"]}}],"collection":[{"href":"https:\/\/zonaroja.com.mx\/index.php?rest_route=\/wp\/v2\/posts"}],"about":[{"href":"https:\/\/zonaroja.com.mx\/index.php?rest_route=\/wp\/v2\/types\/post"}],"author":[{"embeddable":true,"href":"https:\/\/zonaroja.com.mx\/index.php?rest_route=\/wp\/v2\/users\/2"}],"replies":[{"embeddable":true,"href":"https:\/\/zonaroja.com.mx\/index.php?rest_route=%2Fwp%2Fv2%2Fcomments&post=64959"}],"version-history":[{"count":1,"href":"https:\/\/zonaroja.com.mx\/index.php?rest_route=\/wp\/v2\/posts\/64959\/revisions"}],"predecessor-version":[{"id":64961,"href":"https:\/\/zonaroja.com.mx\/index.php?rest_route=\/wp\/v2\/posts\/64959\/revisions\/64961"}],"wp:featuredmedia":[{"embeddable":true,"href":"https:\/\/zonaroja.com.mx\/index.php?rest_route=\/wp\/v2\/media\/64960"}],"wp:attachment":[{"href":"https:\/\/zonaroja.com.mx\/index.php?rest_route=%2Fwp%2Fv2%2Fmedia&parent=64959"}],"wp:term":[{"taxonomy":"category","embeddable":true,"href":"https:\/\/zonaroja.com.mx\/index.php?rest_route=%2Fwp%2Fv2%2Fcategories&post=64959"},{"taxonomy":"post_tag","embeddable":true,"href":"https:\/\/zonaroja.com.mx\/index.php?rest_route=%2Fwp%2Fv2%2Ftags&post=64959"}],"curies":[{"name":"wp","href":"https:\/\/api.w.org\/{rel}","templated":true}]}}