{"id":64963,"date":"2024-02-05T08:00:00","date_gmt":"2024-02-05T14:00:00","guid":{"rendered":"http:\/\/www.zonaroja.com.mx\/?p=64963"},"modified":"2024-02-05T06:53:24","modified_gmt":"2024-02-05T12:53:24","slug":"opinion-jara-murat-y-la-ofensa-de-obrador-a-los-morenistas","status":"publish","type":"post","link":"https:\/\/zonaroja.com.mx\/?p=64963","title":{"rendered":"Opini\u00f3n. Jara, Murat y la ofensa de Obrador a los morenistas"},"content":{"rendered":"\n<p>Ismael Garc\u00eda M.\/Zona Roja.<\/p>\n\n\n\n<p>Oaxaca de Ju\u00e1rez, Oax., a 5 de febrero de 2024.- No fue cachetada con guante blanco. Literalmente fue un knocaut para el gobernador Salom\u00f3n Jara Cruz y para el morenismo oaxaque\u00f1o. Un golpe certero, seco, demoledor.<\/p>\n\n\n\n<p>El domingo hab\u00eda todas las condiciones para una gran fiesta por parte del gobierno estatal por la inauguraci\u00f3n de la supercarretera Oaxaca-Costa, en su tramo Barranca Larga-Ventanilla.<\/p>\n\n\n\n<p>Pero la ech\u00f3 a perder el propio Presidente Andr\u00e9s Manuel L\u00f3pez Obrador, al invitar personalmente al ex priista Alejandro Murat Hinojosa al d\u00eda que ser\u00eda hist\u00f3rico.<\/p>\n\n\n\n<p>Peor a\u00fan, cuando cientos de asistentes abuchearon al ex mandatario ahora en las filas de Morena, el propio Obrador fue, lo abraz\u00f3 y le alz\u00f3 la mano.<\/p>\n\n\n\n<p>Ni m\u00e1s ni menos que para dejar constancia que \u201camor con amor se paga\u201d y que el manto de impunidad hacia Alejandro Murat Hinojosa est\u00e1 m\u00e1s vigente que nunca.<\/p>\n\n\n\n<p>\u00bfSe\u00f1alamientos de corrupci\u00f3n? \u00bfObras inauguradas pero inconclusas? \u00bfEl probable desv\u00edo de los tres mil 500 millones de pesos cuyo pr\u00e9stamo autoriz\u00f3 el Congreso local? \u00bfCuentas p\u00fablicas no autorizadas? \u00bf\u201cC\u00e1rtel del despojo\u201d? \u00bfFiats y plazas de base para las y los amigos? Nimiedades, falsedades, inventos\u2026 en la visi\u00f3n de Obrador.<\/p>\n\n\n\n<p>CRISIS GUINDA<\/p>\n\n\n\n<p>Desde hace varias semanas, Morena atraviesa en Oaxaca por varios conflictos internos, debido a la elecci\u00f3n de las y los candidatos a cargos de representaci\u00f3n popular, en este caso al Senado, a las c\u00e1maras de diputados federal y local y a los 153 ayuntamientos que se rigen por partidos.<\/p>\n\n\n\n<p>Eso ha tra\u00eddo una serie de desencuentros entre la propia militancia, como ocurre en la capital de Oaxaca, en que los aspirantes Lizett Arroyo, Luis Alfonso Silva Rojo y Francisco Mart\u00ednez Neri traen una guerra sin cuartel.<\/p>\n\n\n\n<p>Inventan encuestas, se ofenden directa o indirectamente, difunden mentiras, lanzan panfletos, con tal de tener la \u201caprobaci\u00f3n\u201d ciudadana en una supuesta encuesta, que en realidad ser\u00e1 una imposici\u00f3n desde la dirigencia nacional.<\/p>\n\n\n\n<p>A eso se suma la creciente llegada de ex priistas, acusados muchos de ellos de actos de corrupci\u00f3n pero que, al llegar a Morena, son limpiados de todo pecado administrativo.<\/p>\n\n\n\n<p>Una crisis m\u00e1s, aunque menor, es la distancia que han tomado los morenistas con el Partido del Trabajo, por la necedad de Benjam\u00edn Robles Montoya de seguir acaparando candidaturas para s\u00ed y sus familiares.<\/p>\n\n\n\n<p>Est\u00e1n tambi\u00e9n las crecientes cr\u00edticas a L\u00f3pez Obrador, al cierre de su sexenio, por m\u00faltiples omisiones, como la inseguridad, la principal queja de los mexicanos ante la ola de violencia por parte del crimen organizado.<\/p>\n\n\n\n<p>Adem\u00e1s, los continuos se\u00f1alamientos en contra de los hijos del Presidente de M\u00e9xico, por estar presuntamente involucrados en actos de corrupci\u00f3n con la obra p\u00fablica.&nbsp;<\/p>\n\n\n\n<p>A eso se le suma las pol\u00e9micas obras de gran envergadura que impulsa el tabasque\u00f1o y que inaugura pese a no estar concluidos.&nbsp;<\/p>\n\n\n\n<p>Y la estocada en contra del morenismo fue la del domingo, en que, sin ning\u00fan tacto pol\u00edtico, el Presidente llev\u00f3 a Alejandro Murat a la inauguraci\u00f3n de la supercarretera a la regi\u00f3n Costa.<\/p>\n\n\n\n<p>Los abucheos no se hicieron esperar, al recordar las graves acusaciones de corrupci\u00f3n en contra del hijo del tambi\u00e9n ex gobernador de Oaxaca, Jos\u00e9 Murat.<\/p>\n\n\n\n<p>Pero, cual padre condescendiente, Obrador fue al lugar de Murat Hinojosa, le dio palmadas en la espalda, lo abraz\u00f3 y le alz\u00f3 la mano. \u00bfSe requiere una mayor burla y ofensa a los morenistas? Tambi\u00e9n a los oaxaque\u00f1os, por supuesto.<\/p>\n\n\n\n<p>La molestia del mandatario Salom\u00f3n Jara fue m\u00e1s que evidente aunque, este s\u00ed, guard\u00f3 compostura pol\u00edtica.<\/p>\n\n\n\n<p>HABR\u00c1 M\u00c1S<\/p>\n\n\n\n<p>Pero no es la \u00fanica ofensa a los morenistas. Habr\u00e1 m\u00e1s. Recientemente se dio a conocer que al menos cuatro legisladores priistas, uno de ellos connotado, renunciar\u00e1 al tricolor.&nbsp;<\/p>\n\n\n\n<p>Pero como no les alcanza el valor para declararse totalmente morenistas, se asumir\u00e1n como \u201cindependientes\u201d, aunque seguir\u00e1n trabajando a favor de Morena desde el Congreso del Estado.<\/p>\n\n\n\n<p>Se trata de Alejandro Avil\u00e9s, quien nunca ha ganado una elecci\u00f3n para s\u00ed pero ha sido diputado local plurinominal tres veces; tambi\u00e9n Freddy Gil Pineda, Mar\u00eda Luisa Matus y Eduardo Rojas.<\/p>\n\n\n\n<p>En la pasada elecci\u00f3n estatal, Avil\u00e9s fungi\u00f3 como candidato a gobernador, pero a sabiendas que perder\u00eda, adelant\u00f3 su negociaci\u00f3n con Morena para hacer el m\u00ednimo esfuerzo, como ya lo ten\u00eda acordado tambi\u00e9n Alejandro Murat con el Presidente.<\/p>\n\n\n\n<p>Para lo \u00fanico que le ha servido su cargo de legislador al cuenque\u00f1o es para hacer negocios al amparo del poder, a favor de Morena.<\/p>\n\n\n\n<p>A cambio, ha recibido un trato amable; no se le ha molestado con el p\u00e9talo de una investigaci\u00f3n y \u00fanicamente lo amagaron con el \u201cpetate del muerto\u201d contra su hermano, quien supuestamente est\u00e1 pr\u00f3fugo de la justicia.<\/p>\n\n\n\n<p>La historia de Avil\u00e9s es de traiciones y de ambiciones, nada m\u00e1s. As\u00ed ha sido desde el sexenio de Jos\u00e9 Murat, con quien naci\u00f3 a la pol\u00edtica, pero lo traicion\u00f3 con el gobierno de Ulises Ruiz. Y as\u00ed traicionar\u00e1 a los morenistas, con tal de sobrevivir.<\/p>\n\n\n\n<p>De Mar\u00eda Luisa Matus no hay mucho que decir m\u00e1s que una mujer que ha sido congruente con su militancia, hasta ahora; \u00bfqui\u00e9n es Eduardo Rojas Zavaleta? De Freddy Gil Pineda hay mucho que decir: es del clan de Avil\u00e9s y tambi\u00e9n le ha gustado el poder, desde hace mucho tiempo.<\/p>\n\n\n\n<p>Edil de dos municipios, diputado local, empresario agr\u00edcola y negociador, as\u00ed sea con morenistas.<\/p>\n\n\n\n<p>Todos los priistas que quedan en la 65 Legislatura, han negociado con el gobierno de la llamada 4T en Oaxaca y la m\u00e1s reciente muestra es su docilidad para no recriminar ni criticar a los funcionarios de Salom\u00f3n Jara durante las comparecencias.&nbsp;<\/p>\n\n\n\n<p>TAMBI\u00c9N EL ISTMO<\/p>\n\n\n\n<p>Morena est\u00e1 en la ruta de la decadencia, a menos de una d\u00e9cada de haber nacido. S\u00ed, es cierto, tuvo un crecimiento vertiginoso de la mano de L\u00f3pez Obrador y ahora gobierna la mayor parte del pa\u00eds.&nbsp;<\/p>\n\n\n\n<p>Pero el mismo Obrador ha consentido a los priistas y ha llenado Morena de estos pol\u00edticos; es el creador del PRIMor para sus fines legislativos; ha premiado a varios ex gobernadores priistas que entregaron el poder, como es el caso de Alejandro Murat, que tiene altas probabilidades de ser senador por la v\u00eda plurinominal.<\/p>\n\n\n\n<p>Y ahora, s\u00f3lo falta que Obrador invite a Jos\u00e9 Murat, el pr\u00f3ximo 31 de agosto, a la inauguraci\u00f3n de la supercarretera Oaxaca-Istmo, pues fue el mandatario priista quien con un \u201cplant\u00f3n\u201d en el z\u00f3calo de la Ciudad de M\u00e9xico, inici\u00f3 la lucha para que se construyera esa v\u00eda r\u00e1pida, que ha tardado casi dos d\u00e9cadas.<\/p>\n\n\n\n<p>As\u00ed quedar\u00eda completo el cuadro que le gusta pintar al a\u00fan Presidente de M\u00e9xico, y as\u00ed consolidar\u00e1, hasta el \u00faltimo d\u00eda de su gobierno, el nuevo morenismo, que ser\u00e1 dominado por priistas y ex priistas, y har\u00e1 a un lado a los morenistas org\u00e1nicos.<\/p>\n\n\n\n<p>No se sabe cu\u00e1nto contribuir\u00e1n los priistas o ex priistas en el actual proceso electoral, pero de una cosa estamos seguros: s\u00f3lo lo hicieron para ganar impunidad\u2026 y para seguir en la ubre presupuestal.<\/p>\n\n\n\n<p>Despu\u00e9s de todo, L\u00f3pez Obrador tiene un coraz\u00f3n y un pasado priista que no olvida y quiz\u00e1 en los hechos est\u00e1 convencido que han gobernado mejor.<\/p>\n\n\n\n<p>Por lo pronto, la divisi\u00f3n crece en Morena y los morenistas org\u00e1nicos no tendr\u00e1n m\u00e1s remedio que una revuelta interna para recuperar el partido. \u00bfPodr\u00e1n hacerlo?<\/p>\n","protected":false},"excerpt":{"rendered":"<p>Ismael Garc\u00eda M.\/Zona Roja. Oaxaca de Ju\u00e1rez, Oax., a 5 de febrero de 2024.- No&hellip;<\/p>\n","protected":false},"author":2,"featured_media":41735,"comment_status":"closed","ping_status":"open","sticky":false,"template":"","format":"standard","meta":{"_lmt_disableupdate":"","_lmt_disable":"","_jetpack_memberships_contains_paid_content":false,"footnotes":""},"categories":[456,109,48],"tags":[1353],"class_list":["post-64963","post","type-post","status-publish","format-standard","has-post-thumbnail","hentry","category-columna","category-minuto-a-minuto","category-zona-critica","tag-opinion-zona-critica"],"jetpack_featured_media_url":"https:\/\/zonaroja.com.mx\/wp-content\/uploads\/2022\/05\/Opinion-Ismael-Garcia-M.jpg","jetpack_sharing_enabled":true,"_links":{"self":[{"href":"https:\/\/zonaroja.com.mx\/index.php?rest_route=\/wp\/v2\/posts\/64963","targetHints":{"allow":["GET"]}}],"collection":[{"href":"https:\/\/zonaroja.com.mx\/index.php?rest_route=\/wp\/v2\/posts"}],"about":[{"href":"https:\/\/zonaroja.com.mx\/index.php?rest_route=\/wp\/v2\/types\/post"}],"author":[{"embeddable":true,"href":"https:\/\/zonaroja.com.mx\/index.php?rest_route=\/wp\/v2\/users\/2"}],"replies":[{"embeddable":true,"href":"https:\/\/zonaroja.com.mx\/index.php?rest_route=%2Fwp%2Fv2%2Fcomments&post=64963"}],"version-history":[{"count":1,"href":"https:\/\/zonaroja.com.mx\/index.php?rest_route=\/wp\/v2\/posts\/64963\/revisions"}],"predecessor-version":[{"id":64964,"href":"https:\/\/zonaroja.com.mx\/index.php?rest_route=\/wp\/v2\/posts\/64963\/revisions\/64964"}],"wp:featuredmedia":[{"embeddable":true,"href":"https:\/\/zonaroja.com.mx\/index.php?rest_route=\/wp\/v2\/media\/41735"}],"wp:attachment":[{"href":"https:\/\/zonaroja.com.mx\/index.php?rest_route=%2Fwp%2Fv2%2Fmedia&parent=64963"}],"wp:term":[{"taxonomy":"category","embeddable":true,"href":"https:\/\/zonaroja.com.mx\/index.php?rest_route=%2Fwp%2Fv2%2Fcategories&post=64963"},{"taxonomy":"post_tag","embeddable":true,"href":"https:\/\/zonaroja.com.mx\/index.php?rest_route=%2Fwp%2Fv2%2Ftags&post=64963"}],"curies":[{"name":"wp","href":"https:\/\/api.w.org\/{rel}","templated":true}]}}