{"id":64969,"date":"2024-02-05T08:30:00","date_gmt":"2024-02-05T14:30:00","guid":{"rendered":"http:\/\/www.zonaroja.com.mx\/?p=64969"},"modified":"2024-02-05T07:19:48","modified_gmt":"2024-02-05T13:19:48","slug":"que-siempre-si-habra-paro-nacional-de-transportistas-ante-inseguridad","status":"publish","type":"post","link":"https:\/\/zonaroja.com.mx\/?p=64969","title":{"rendered":"Que siempre s\u00ed habr\u00e1 paro nacional de transportistas, ante inseguridad"},"content":{"rendered":"\n<p>Redacci\u00f3n\/Zona Roja Cdmx.<\/p>\n\n\n\n<p>Ciudad de M\u00e9xico, a 5 de febrero de 2024.- Pese a que el Gobierno de M\u00e9xico asegur\u00f3 que hab\u00eda llegado a un acuerdo con transportistas para que no se llevara a cabo un paro nacional este lunes 5 de febrero, la Asociaci\u00f3n Nacional de Transportistas (ANTAC) se deslind\u00f3 y advirti\u00f3 que el plan sigue en pie.<\/p>\n\n\n\n<p>La tarde del domingo la Secretar\u00eda de Gobernaci\u00f3n (Segob) emiti\u00f3 un comunicado en el que dijo que el s\u00e1bado representantes de las Secretar\u00edas de Infraestructura, Comunicaciones y Transportes (SICT); de Seguridad y Protecci\u00f3n Ciudadana (SSPC); as\u00ed como de la Guardia Nacional (GN), se reunieron con representantes gremiales a fin de llegar a acuerdos.<\/p>\n\n\n\n<p>Entre los acuerdos alcanzados con la Federaci\u00f3n Mexicoamericana de Transportistas, A.C. (Fematrac), Organizaci\u00f3n Integradora de Derechos Convencionales, A.C. (Indeco), Alianza Mexicana de Transportistas, A.C. (Amtac), y Uni\u00f3n de Transportistas de Carga (Utracasin), destacan la integraci\u00f3n de mesas de trabajo para atender la seguridad en las carreteras, la atenci\u00f3n administrativa y el enlace con las autoridades.<\/p>\n\n\n\n<p>\u201cDerivado de la mesa de di\u00e1logo en la Secretar\u00eda de Gobernaci\u00f3n, las organizaciones informaron que no realizar\u00e1n ning\u00fan paro nacional ni bloqueo de v\u00edas federales en las manifestaciones que realicen con sus agremiados\u201d, se le\u00eda.<\/p>\n\n\n\n<p>Horas despu\u00e9s de que se public\u00f3 el comunicado, la ANTAC y la Coalici\u00f3n de Transportistas se deslindaron de dicho documento y aseguraron que el paro nacional sigue en pie para este 5 de febrero, d\u00eda que adem\u00e1s es feriado en M\u00e9xico por la conmemoraci\u00f3n de la promulgaci\u00f3n de la Constituci\u00f3n Pol\u00edtica de los Estados unidos Mexicanos.<\/p>\n\n\n\n<p>En redes sociales fue compartida la imagen del comunicado de la Segob con la leyenda de \u201cFALSO\u201d y \u201cPARO NACIONAL DE TRANSPORTISTAS EN M\u00c9XICO S\u00cd SE VA A REALIZAR ESTE CINCO DE FEBRERO, NO TE DEJEN ENGA\u00d1AR\u201d.<\/p>\n\n\n\n<p>En entrevista con \u201cMilenio\u201d, el presidente de la Asociaci\u00f3n de Conductores Federales Unidos, David Mu\u00f1oz, dijo que se les ofrecieron mesas de di\u00e1logo pero nunca se acord\u00f3 que ya no habr\u00eda paro: \u201cEn ninguna parte de ning\u00fan documento dice que no nos vamos a manifestar, la manifestaci\u00f3n va, eso es un hecho, ni un paso atr\u00e1s, eso es falsa informaci\u00f3n.&nbsp;<\/p>\n\n\n\n<p>\u201cLa manifestaci\u00f3n se llevar\u00e1 a cabo este lunes 5 febrero a partir de las 7:00 de la ma\u00f1ana en las carreteras del pa\u00eds\u201d, asegur\u00f3.<\/p>\n\n\n\n<p>El hecho de que el paro nacional de transportistas se realice en un d\u00eda feriado en el pa\u00eds podr\u00eda convertirse en un gran problema para aquellos que salieron de vacaciones por el \u201cpuente largo\u201d y busquen regresar a sus destinos este lunes.<\/p>\n\n\n\n<p>Seg\u00fan los transportistas organizadores, el punto principal de la manifestaci\u00f3n ser\u00e1 la carretera 57 M\u00e9xico-Quer\u00e9taro en el Tr\u00e9bol del Arco Norte, pero tambi\u00e9n otras v\u00edas que sufrir\u00e1n los estragos.<\/p>\n","protected":false},"excerpt":{"rendered":"<p>Redacci\u00f3n\/Zona Roja Cdmx. Ciudad de M\u00e9xico, a 5 de febrero de 2024.- Pese a que&hellip;<\/p>\n","protected":false},"author":2,"featured_media":64412,"comment_status":"closed","ping_status":"open","sticky":false,"template":"","format":"standard","meta":{"_lmt_disableupdate":"","_lmt_disable":"","_jetpack_memberships_contains_paid_content":false,"footnotes":""},"categories":[109,47],"tags":[],"class_list":["post-64969","post","type-post","status-publish","format-standard","has-post-thumbnail","hentry","category-minuto-a-minuto","category-zona-gris"],"jetpack_featured_media_url":"https:\/\/zonaroja.com.mx\/wp-content\/uploads\/2024\/01\/Robo-a-transporte-de-carga-Mexico.jpg","jetpack_sharing_enabled":true,"_links":{"self":[{"href":"https:\/\/zonaroja.com.mx\/index.php?rest_route=\/wp\/v2\/posts\/64969","targetHints":{"allow":["GET"]}}],"collection":[{"href":"https:\/\/zonaroja.com.mx\/index.php?rest_route=\/wp\/v2\/posts"}],"about":[{"href":"https:\/\/zonaroja.com.mx\/index.php?rest_route=\/wp\/v2\/types\/post"}],"author":[{"embeddable":true,"href":"https:\/\/zonaroja.com.mx\/index.php?rest_route=\/wp\/v2\/users\/2"}],"replies":[{"embeddable":true,"href":"https:\/\/zonaroja.com.mx\/index.php?rest_route=%2Fwp%2Fv2%2Fcomments&post=64969"}],"version-history":[{"count":1,"href":"https:\/\/zonaroja.com.mx\/index.php?rest_route=\/wp\/v2\/posts\/64969\/revisions"}],"predecessor-version":[{"id":64970,"href":"https:\/\/zonaroja.com.mx\/index.php?rest_route=\/wp\/v2\/posts\/64969\/revisions\/64970"}],"wp:featuredmedia":[{"embeddable":true,"href":"https:\/\/zonaroja.com.mx\/index.php?rest_route=\/wp\/v2\/media\/64412"}],"wp:attachment":[{"href":"https:\/\/zonaroja.com.mx\/index.php?rest_route=%2Fwp%2Fv2%2Fmedia&parent=64969"}],"wp:term":[{"taxonomy":"category","embeddable":true,"href":"https:\/\/zonaroja.com.mx\/index.php?rest_route=%2Fwp%2Fv2%2Fcategories&post=64969"},{"taxonomy":"post_tag","embeddable":true,"href":"https:\/\/zonaroja.com.mx\/index.php?rest_route=%2Fwp%2Fv2%2Ftags&post=64969"}],"curies":[{"name":"wp","href":"https:\/\/api.w.org\/{rel}","templated":true}]}}