{"id":64973,"date":"2024-02-05T11:30:00","date_gmt":"2024-02-05T17:30:00","guid":{"rendered":"http:\/\/www.zonaroja.com.mx\/?p=64973"},"modified":"2024-02-05T07:48:24","modified_gmt":"2024-02-05T13:48:24","slug":"sonora-siete-asesinados-en-fin-de-semana-secuestro-en-zacatecas","status":"publish","type":"post","link":"https:\/\/zonaroja.com.mx\/?p=64973","title":{"rendered":"Sonora: siete asesinados en fin de semana; secuestro en Zacatecas"},"content":{"rendered":"\n<p>Redacci\u00f3n\/Zona Roja Cdmx.<\/p>\n\n\n\n<p>Ciudad de M\u00e9xico, a 5 de febrero de 2024.- Cuatro personas fueron asesinadas y otras siete resultaron heridas en Sonora luego de un ataque armado por parte de presuntos sicarios en el municipio de Caborca, en el cual opera el grupo criminal que habr\u00eda sido fundado por Rafael Caro Quintero, El Narco de Narcos.<\/p>\n\n\n\n<p>En un veh\u00edculo viajaban alrededor de 29 personas que se dedican a hacer trabajos agr\u00edcolas, quienes estaban en una camioneta tipo van y quienes fueron agredidos por sujetos que se encontraban a las alturas de un cerro.<\/p>\n\n\n\n<p>La Fiscal\u00eda de Sonora confirm\u00f3 la muerte de las cuatro personas y detall\u00f3 que los hechos violentos sucedieron en la brecha de terracer\u00eda que conduce del Campo San Francisco al Ejido Yaqui Justiciero aproximadamente a las 12:30 del domingo 4 de febrero.<\/p>\n\n\n\n<p>Cabe destacar que el ataque en contra de los trabajadores del campo no fue el \u00fanico hecho violento en Sonora durante el finde semana, pues el s\u00e1bado 3 de febrero una familia fue atacada por supuestos sicarios que llevaban armas de alto calibre cuando estaba en la localidad de Maycoba.<\/p>\n\n\n\n<p>Tres personas iban en una camioneta Chevrolet Tahoe color guinda, se trata de&nbsp;Julieta \u201cN\u201d&nbsp;de 40 a\u00f1os, Estefan\u00eda&nbsp;de 24 a\u00f1os y Juli\u00e1n&nbsp;de tan solo 2 a\u00f1os. Mientras dos de ellas murieron de forma instant\u00e1nea Estefan\u00eda fue trasladada para su atenci\u00f3n m\u00e9dica, pero tambi\u00e9n falleci\u00f3 por las heridas provocadas por los agresores.<\/p>\n\n\n\n<p>La fiscal\u00eda asegur\u00f3 que ya investiga el grupo delictivo al que estar\u00eda relacionados los atacantes para capturarlos, adem\u00e1s, los agresores accionaron sus armas contra la familia sin motivo aparente.<\/p>\n\n\n\n<p>EN ZACATECAS<\/p>\n\n\n\n<p>Alrededor del mediod\u00eda del 4 de febrero, medios locales y habitantes del municipio de Fresnillo, Zacatecas, denunciaron la privaci\u00f3n ilegal de la libertad de un grupo de personas en el fraccionamiento San Felipe.<\/p>\n\n\n\n<p>Seg\u00fan los primeros informes, un comando de civiles armados arrib\u00f3 al sector habitacional y, sin di\u00e1logo de por medio, reventaron varias de las casas que se ubican sobre la calle San Felipe del fraccionamiento y se llevaron a por lo menos cuatro personas de identidad a\u00fan desconocida.<\/p>\n\n\n\n<p>Presumiblemente, entre las v\u00edctimas estar\u00eda una mujer que ser\u00eda madre de otro de los individuos plagiados por los supuestos sicarios.<\/p>\n\n\n\n<p>Al sitio arribaron elementos de la Polic\u00eda Municipal, la Polic\u00eda Estatal Preventiva, el Ej\u00e9rcito Mexicano y la Guardia Nacional para resguardar el \u00e1rea e iniciar las indagatorias.<\/p>\n\n\n\n<p>(Informaci\u00f3n de Infobae M\u00e9xico)<\/p>\n","protected":false},"excerpt":{"rendered":"<p>Redacci\u00f3n\/Zona Roja Cdmx. Ciudad de M\u00e9xico, a 5 de febrero de 2024.- Cuatro personas fueron&hellip;<\/p>\n","protected":false},"author":2,"featured_media":64974,"comment_status":"closed","ping_status":"open","sticky":false,"template":"","format":"standard","meta":{"_lmt_disableupdate":"","_lmt_disable":"","_jetpack_memberships_contains_paid_content":false,"footnotes":""},"categories":[109,51],"tags":[1746],"class_list":["post-64973","post","type-post","status-publish","format-standard","has-post-thumbnail","hentry","category-minuto-a-minuto","category-zona-roja","tag-violencia-en-mexico"],"jetpack_featured_media_url":"https:\/\/zonaroja.com.mx\/wp-content\/uploads\/2024\/02\/Cuatro-asesinados-Caborca-Sonora.webp","jetpack_sharing_enabled":true,"_links":{"self":[{"href":"https:\/\/zonaroja.com.mx\/index.php?rest_route=\/wp\/v2\/posts\/64973","targetHints":{"allow":["GET"]}}],"collection":[{"href":"https:\/\/zonaroja.com.mx\/index.php?rest_route=\/wp\/v2\/posts"}],"about":[{"href":"https:\/\/zonaroja.com.mx\/index.php?rest_route=\/wp\/v2\/types\/post"}],"author":[{"embeddable":true,"href":"https:\/\/zonaroja.com.mx\/index.php?rest_route=\/wp\/v2\/users\/2"}],"replies":[{"embeddable":true,"href":"https:\/\/zonaroja.com.mx\/index.php?rest_route=%2Fwp%2Fv2%2Fcomments&post=64973"}],"version-history":[{"count":1,"href":"https:\/\/zonaroja.com.mx\/index.php?rest_route=\/wp\/v2\/posts\/64973\/revisions"}],"predecessor-version":[{"id":64975,"href":"https:\/\/zonaroja.com.mx\/index.php?rest_route=\/wp\/v2\/posts\/64973\/revisions\/64975"}],"wp:featuredmedia":[{"embeddable":true,"href":"https:\/\/zonaroja.com.mx\/index.php?rest_route=\/wp\/v2\/media\/64974"}],"wp:attachment":[{"href":"https:\/\/zonaroja.com.mx\/index.php?rest_route=%2Fwp%2Fv2%2Fmedia&parent=64973"}],"wp:term":[{"taxonomy":"category","embeddable":true,"href":"https:\/\/zonaroja.com.mx\/index.php?rest_route=%2Fwp%2Fv2%2Fcategories&post=64973"},{"taxonomy":"post_tag","embeddable":true,"href":"https:\/\/zonaroja.com.mx\/index.php?rest_route=%2Fwp%2Fv2%2Ftags&post=64973"}],"curies":[{"name":"wp","href":"https:\/\/api.w.org\/{rel}","templated":true}]}}