{"id":64978,"date":"2024-02-05T13:30:00","date_gmt":"2024-02-05T19:30:00","guid":{"rendered":"http:\/\/www.zonaroja.com.mx\/?p=64978"},"modified":"2024-02-05T08:01:33","modified_gmt":"2024-02-05T14:01:33","slug":"nayib-bukele-se-declara-ganador-de-contienda-presidencial","status":"publish","type":"post","link":"https:\/\/zonaroja.com.mx\/?p=64978","title":{"rendered":"Nayib Bukele se declara ganador de contienda presidencial"},"content":{"rendered":"\n<p>Redacci\u00f3n\/Zona Roja Cdmx.<\/p>\n\n\n\n<p>Ciudad de M\u00e9xico, a 5 de febrero de 2024.- El presidente de El Salvador, Nayib Bukele, se declar\u00f3 ganador ayer de las elecciones presidenciales, cuando a\u00fan no se publicaba ning\u00fan resultado oficial sobre el conteo y pese a los cuestionamientos por la prohibici\u00f3n constitucional a la reelecci\u00f3n inmediata.<\/p>\n\n\n\n<p>En un mensaje en la red social X, el mandatario asegur\u00f3 haber cosechado una votaci\u00f3n que, de acuerdo con sus n\u00fameros, supera 85 y le garantiza 58 de 60 diputados en la Asamblea, punto clave para mantener el r\u00e9gimen de excepci\u00f3n y su pol\u00edtica de mano dura contra las pandillas.<\/p>\n\n\n\n<p>Los resultados oficiales preliminares comenzaron a publicarse casi dos horas despu\u00e9s y desde el primer momento le dieron amplia ventaja al partido del gobernante Nuevas Ideas. Con 31.49 por ciento del escrutinio, su partido sumaba casi 1.3 millones de votos, seguido por el Frente Farabundo Mart\u00ed para la Liberaci\u00f3n Nacional (FMLN), con 110 mil 244 votos.<\/p>\n\n\n\n<p>Bukele, quien antes de conocerse los resultados oficiales recibi\u00f3 felicitaciones de M\u00e9xico, China, Guatemala, Panam\u00e1 y Paraguay, renovar\u00e1 su mandato por otros cinco a\u00f1os, hasta 2029, con lo que revalidar\u00e1 su estrategia de seguridad, pese a las cr\u00edticas.<\/p>\n\n\n\n<p>\u201cGracias. Este d\u00eda, El Salvador ha roto todos los r\u00e9cords de todas las democracias en toda la historia mundial\u201d, proclam\u00f3 Bukele desde el Palacio Nacional por la noche, conocidas las primeras cifras oficiales, ante los v\u00edtores de sus seguidores en la calle.<\/p>\n\n\n\n<p>\u201cSer\u00eda la primera vez en un pa\u00eds que existe un partido \u00fanico en un sistema plenamente democr\u00e1tico. Toda la oposici\u00f3n, junta, ser\u00eda pulverizada\u201d, presumi\u00f3, al reiterar que Nuevas Ideas obtendr\u00eda 58 de 60 diputados en la Asamblea, \u201cde momento\u201d.<\/p>\n\n\n\n<p>\u201cEl pueblo salvadore\u00f1o habl\u00f3 y \u2018\u00bfqu\u00e9 dijo?\u2019 Que quiere continuar el camino\u201d, defendi\u00f3 Bukele, quien se define como un \u201cdictador cool\u201d.<\/p>\n\n\n\n<p>La popularidad de este publicista milenial, de 42 a\u00f1os, est\u00e1 apuntalada en el cambio en el ambiente de seguridad que, seg\u00fan encuestas, vive el pa\u00eds centroamericano. En el pasado, El Salvador fue se\u00f1alado como uno de los m\u00e1s violentos del mundo.<\/p>\n\n\n\n<p>En respuesta a preguntas de periodistas, el mandatario rechaz\u00f3 las cr\u00edticas externas a su modelo de seguridad y defendi\u00f3 que El Salvador dej\u00f3 de ser la capital de los asesinatos del mundo y \u201cno lo hemos logrado con una receta extranjera, sino con el r\u00e9gimen de excepci\u00f3n\u201d.<\/p>\n\n\n\n<p>Seg\u00fan encuestas, m\u00e1s de 80 por ciento de la poblaci\u00f3n cree que la situaci\u00f3n de seguridad ha mejorado y, tal como contaron algunos votantes, nadie quiere que las pandillas recuperen espacios.<\/p>\n\n\n\n<p>(Informaci\u00f3n de agencias en \u201cLa Jornada\u201d)<\/p>\n","protected":false},"excerpt":{"rendered":"<p>Redacci\u00f3n\/Zona Roja Cdmx. Ciudad de M\u00e9xico, a 5 de febrero de 2024.- El presidente de&hellip;<\/p>\n","protected":false},"author":2,"featured_media":64979,"comment_status":"closed","ping_status":"open","sticky":false,"template":"","format":"standard","meta":{"_lmt_disableupdate":"","_lmt_disable":"","_jetpack_memberships_contains_paid_content":false,"footnotes":""},"categories":[109,46],"tags":[],"class_list":["post-64978","post","type-post","status-publish","format-standard","has-post-thumbnail","hentry","category-minuto-a-minuto","category-zona-blanca"],"jetpack_featured_media_url":"https:\/\/zonaroja.com.mx\/wp-content\/uploads\/2024\/02\/Nayib-Bukele-El-Salvador.webp","jetpack_sharing_enabled":true,"_links":{"self":[{"href":"https:\/\/zonaroja.com.mx\/index.php?rest_route=\/wp\/v2\/posts\/64978","targetHints":{"allow":["GET"]}}],"collection":[{"href":"https:\/\/zonaroja.com.mx\/index.php?rest_route=\/wp\/v2\/posts"}],"about":[{"href":"https:\/\/zonaroja.com.mx\/index.php?rest_route=\/wp\/v2\/types\/post"}],"author":[{"embeddable":true,"href":"https:\/\/zonaroja.com.mx\/index.php?rest_route=\/wp\/v2\/users\/2"}],"replies":[{"embeddable":true,"href":"https:\/\/zonaroja.com.mx\/index.php?rest_route=%2Fwp%2Fv2%2Fcomments&post=64978"}],"version-history":[{"count":1,"href":"https:\/\/zonaroja.com.mx\/index.php?rest_route=\/wp\/v2\/posts\/64978\/revisions"}],"predecessor-version":[{"id":64980,"href":"https:\/\/zonaroja.com.mx\/index.php?rest_route=\/wp\/v2\/posts\/64978\/revisions\/64980"}],"wp:featuredmedia":[{"embeddable":true,"href":"https:\/\/zonaroja.com.mx\/index.php?rest_route=\/wp\/v2\/media\/64979"}],"wp:attachment":[{"href":"https:\/\/zonaroja.com.mx\/index.php?rest_route=%2Fwp%2Fv2%2Fmedia&parent=64978"}],"wp:term":[{"taxonomy":"category","embeddable":true,"href":"https:\/\/zonaroja.com.mx\/index.php?rest_route=%2Fwp%2Fv2%2Fcategories&post=64978"},{"taxonomy":"post_tag","embeddable":true,"href":"https:\/\/zonaroja.com.mx\/index.php?rest_route=%2Fwp%2Fv2%2Ftags&post=64978"}],"curies":[{"name":"wp","href":"https:\/\/api.w.org\/{rel}","templated":true}]}}