{"id":64984,"date":"2024-02-05T16:31:00","date_gmt":"2024-02-05T22:31:00","guid":{"rendered":"http:\/\/www.zonaroja.com.mx\/?p=64984"},"modified":"2024-02-05T16:31:01","modified_gmt":"2024-02-05T22:31:01","slug":"edil-priista-de-san-pablo-coatlan-responsable-de-crisis-en-supercarretera","status":"publish","type":"post","link":"https:\/\/zonaroja.com.mx\/?p=64984","title":{"rendered":"Edil priista de San Pablo Coatl\u00e1n, responsable de crisis en supercarretera"},"content":{"rendered":"\n<p>Raymundo Morales\/Zona Roja.<\/p>\n\n\n\n<p>Oaxaca de Ju\u00e1rez, Oax., a 5 de febrero de 2024.- Por su ambici\u00f3n para que su empresa familiar de transporte sea la \u00fanica beneficiada, el presidente municipal de San Pablo Coatl\u00e1n, el priista Abraham L\u00f3pez Mart\u00ednez, azuza la violencia.<\/p>\n\n\n\n<p>As\u00ed lo se\u00f1alaron transportistas de diversas l\u00edneas que trasladan a pasajeros desde la ciudad de Oaxaca hacia la regi\u00f3n de la Costa y viceversa, al lamentar la actitud del edil y la pasividad del gobierno federal para actuar en contra de quien aspira ahora a ser diputado local.<\/p>\n\n\n\n<p>Y es que quien ha sido mun\u00edcipe en tres ocasiones, cre\u00f3 con sus familiares una empresa de transporte de pasaje, con camionetas tipo Urvan, para realizar viajes por la supercarretera.<\/p>\n\n\n\n<p>Sin embargo, sin raz\u00f3n alguna, se ha empe\u00f1ado en impedir el tr\u00e1nsito de diversas l\u00edneas de transporte.<\/p>\n\n\n\n<p>Los afectados denunciaron que Abraham L\u00f3pez ha utilizado a los ind\u00edgenas para enriquecerse y en su momento fue respaldado por el gobernador Alejandro Murat Hinojosa, quien le gestion\u00f3 una trituradora para vender materiales p\u00e9treos para la obra carretera y presuntamente su socio es Francisco Garc\u00eda L\u00f3pez, ex secretario de Gobierno.<\/p>\n\n\n\n<p>Ayer y este lunes, despu\u00e9s de la inauguraci\u00f3n que realizara el presidente Andr\u00e9s Manuel L\u00f3pez Obrador, este presidente municipal inici\u00f3 sus amagues con bloqueos en la pista; \u201clo que se debe de hacer es auditarlo y meterlo a la c\u00e1rcel, pero si contin\u00faa con las permisividad del gobierno estatal, L\u00f3pez Mart\u00ednez continuar\u00e1 haci\u00e9ndose rico en base de hacer m\u00e1s pobres a los pobres\u201d, denunciaron los afectados.<\/p>\n","protected":false},"excerpt":{"rendered":"<p>Raymundo Morales\/Zona Roja. Oaxaca de Ju\u00e1rez, Oax., a 5 de febrero de 2024.- Por su&hellip;<\/p>\n","protected":false},"author":2,"featured_media":64988,"comment_status":"closed","ping_status":"open","sticky":false,"template":"","format":"standard","meta":{"_lmt_disableupdate":"","_lmt_disable":"","_jetpack_memberships_contains_paid_content":false,"footnotes":""},"categories":[109,47],"tags":[2575],"class_list":["post-64984","post","type-post","status-publish","format-standard","has-post-thumbnail","hentry","category-minuto-a-minuto","category-zona-gris","tag-san-pablo-coatlan"],"jetpack_featured_media_url":"https:\/\/zonaroja.com.mx\/wp-content\/uploads\/2024\/02\/Abraham-Lopez-edil-San-Pablo-Coatlan.jpg","jetpack_sharing_enabled":true,"_links":{"self":[{"href":"https:\/\/zonaroja.com.mx\/index.php?rest_route=\/wp\/v2\/posts\/64984","targetHints":{"allow":["GET"]}}],"collection":[{"href":"https:\/\/zonaroja.com.mx\/index.php?rest_route=\/wp\/v2\/posts"}],"about":[{"href":"https:\/\/zonaroja.com.mx\/index.php?rest_route=\/wp\/v2\/types\/post"}],"author":[{"embeddable":true,"href":"https:\/\/zonaroja.com.mx\/index.php?rest_route=\/wp\/v2\/users\/2"}],"replies":[{"embeddable":true,"href":"https:\/\/zonaroja.com.mx\/index.php?rest_route=%2Fwp%2Fv2%2Fcomments&post=64984"}],"version-history":[{"count":1,"href":"https:\/\/zonaroja.com.mx\/index.php?rest_route=\/wp\/v2\/posts\/64984\/revisions"}],"predecessor-version":[{"id":64989,"href":"https:\/\/zonaroja.com.mx\/index.php?rest_route=\/wp\/v2\/posts\/64984\/revisions\/64989"}],"wp:featuredmedia":[{"embeddable":true,"href":"https:\/\/zonaroja.com.mx\/index.php?rest_route=\/wp\/v2\/media\/64988"}],"wp:attachment":[{"href":"https:\/\/zonaroja.com.mx\/index.php?rest_route=%2Fwp%2Fv2%2Fmedia&parent=64984"}],"wp:term":[{"taxonomy":"category","embeddable":true,"href":"https:\/\/zonaroja.com.mx\/index.php?rest_route=%2Fwp%2Fv2%2Fcategories&post=64984"},{"taxonomy":"post_tag","embeddable":true,"href":"https:\/\/zonaroja.com.mx\/index.php?rest_route=%2Fwp%2Fv2%2Ftags&post=64984"}],"curies":[{"name":"wp","href":"https:\/\/api.w.org\/{rel}","templated":true}]}}