{"id":6499,"date":"2019-12-09T09:33:25","date_gmt":"2019-12-09T15:33:25","guid":{"rendered":"http:\/\/www.zonaroja.com.mx\/?p=6499"},"modified":"2019-12-09T09:33:28","modified_gmt":"2019-12-09T15:33:28","slug":"habitantes-de-tutla-crean-caos-vial-en-la-zona-oriente-de-oaxaca","status":"publish","type":"post","link":"https:\/\/zonaroja.com.mx\/?p=6499","title":{"rendered":"Habitantes de Tutla crean caos vial en la zona oriente de Oaxaca"},"content":{"rendered":"\n<p>Redacci\u00f3n\/Zona Roja.<\/p>\n\n\n\n<p>Oaxaca de Ju\u00e1rez, Oax., 9 de diciembre\nde 2019.- A pesar de haberlo anticipado desde hace varios d\u00edas, las autoridades\nestatales no pudieron impedir que habitantes de San Sebasti\u00e1n Tutla\ndesquiciaran la vialidad de la zona oriente de la capital, desde las seis de la\nma\u00f1ana de este lunes.<\/p>\n\n\n\n<p>Un reducido grupo de pobladores de ese municipio\nconurbado a la capital de Oaxaca, exigen a la autoridad municipal que emita la\nconvocatoria para la elecci\u00f3n de concejales.<\/p>\n\n\n\n<p>Por ello, luego de apoderarse de al\nmenos 10 unidades de transporte urbano, cerraron las vialidades de la carretera\nfederal 190, as\u00ed como las avenidas L\u00e1zaro C\u00e1rdenas y avenida Ferrocarril, con\nlo cual afectan a miles de personas que vienen o viajan hacia el valle de\nTlacolula y la regi\u00f3n del Istmo de Tehuantepec. <\/p>\n\n\n\n<p>Las usuarias y usuarios de las\ndiferentes modalidades de transporte no les queda m\u00e1s remedio que bajarse y\ntransbordar, ello pese a las implicaciones que trae en su econom\u00eda, o en su\ndefecto continuar a pie su recorrido a su centro de trabajo o escuela\nprincipalmente.<\/p>\n\n\n\n<p>Previo al bloqueo de esta ma\u00f1ana, un grupo de habitantes del municipio dio a conocer que el actual presidente municipal, Humberto Zarate V\u00e1squez, no ha emitido a\u00fan la convocatoria que permita la elecci\u00f3n de las nuevas autoridades. <\/p>\n\n\n\n<figure class=\"wp-block-embed-twitter wp-block-embed is-type-rich is-provider-twitter\"><div class=\"wp-block-embed__wrapper\">\n<div class=\"twitter-tweet\"><blockquote class=\"twitter-tweet\" data-lang=\"es\"><p lang=\"es\" dir=\"ltr\"><a href=\"https:\/\/twitter.com\/hashtag\/OaxacaGris?src=hash&amp;ref_src=twsrc%5Etfw\">#OaxacaGris<\/a><br>(1) Tome sus previsiones, pues contin\u00faa el bloqueo al crucero de la v\u00eda federal 190 entronque con la 175, en el monumento a don Benito Ju\u00e1rez, al oriente de la capital, por un reducido grupo de pobladores de San Sebasti\u00e1n Tutla. <a href=\"https:\/\/t.co\/QiOIJcCrIo\">pic.twitter.com\/QiOIJcCrIo<\/a><\/p>&mdash; Zona Roja Oaxaca (@MexRoja) <a href=\"https:\/\/twitter.com\/MexRoja\/status\/1204050508404666368?ref_src=twsrc%5Etfw\">9 de diciembre de 2019<\/a><\/blockquote><\/div>\n<\/div><\/figure>\n\n\n\n<p>\u201cAnte la cerraz\u00f3n, falta de atenci\u00f3n y\ndi\u00e1logo nos vemos obligados a buscar alternativas como formas de presi\u00f3n para\nque la voz del pueblo sea escuchada, por eso estaremos realizando un bloqueo\nindefinido en las carreteras que rodean nuestra poblaci\u00f3n\u201d, expresan en un\nbreve comunicado.<\/p>\n\n\n\n<p>El municipio que se rige por usos\nnormativos internos, es decir que lleva a cabo una asamblea para elegir a sus\nrepresentantes, a\u00fan no emite los lineamientos para el cambio de estafeta, por\nlo que un grupo de habitantes han salido a las calles a realizar los bloqueos\ncomo medida de presi\u00f3n.<\/p>\n\n\n\n<p>\u201cResponsabilizamos al presidente y\ns\u00edndico municipal de la integridad f\u00edsica de toda la poblaci\u00f3n de San Sebasti\u00e1n\nTutla ya que son ellos los autores intelectuales de la desestabilizaci\u00f3n que se\nvive en nuestro municipio\u201d, sentenciaron.<\/p>\n\n\n\n<p>Sin embargo, dicha acci\u00f3n afecta a\nquienes vienen de otros municipios y regiones hacia la ciudad de Oaxaca quienes\nse han topado con la situaci\u00f3n de que tambi\u00e9n se encuentran bloqueados algunas\nrutas alternas lo que complica a\u00fan m\u00e1s el desplazamiento por la zona. <\/p>\n\n\n\n<p>Por \u00faltimo, la poblaci\u00f3n exigi\u00f3 la\nintervenci\u00f3n de la Secretaria General de Gobierno para que sea el canal de\ninterlocuci\u00f3n que genere el di\u00e1logo con las autoridades municipales.<\/p>\n\n\n\n<p>Otro grupo de pobladores de San Sebasti\u00e1n culp\u00f3\u00a0 al regidor de Obras y dirigente de un gremio de transportistas, Alberto Navarro Cruz, de azuzar las movilizaciones para buscar ser candidato a la presidencia municipal.<\/p>\n\n\n\n<figure class=\"wp-block-embed-twitter wp-block-embed is-type-rich is-provider-twitter\"><div class=\"wp-block-embed__wrapper\">\n<div class=\"twitter-tweet\"><blockquote class=\"twitter-tweet\" data-lang=\"es\"><p lang=\"es\" dir=\"ltr\"><a href=\"https:\/\/twitter.com\/hashtag\/OaxacaGris?src=hash&amp;ref_src=twsrc%5Etfw\">#OaxacaGris<\/a><br>(2) Adem\u00e1s de afectar a cientos de estudiantes, trabajadores, amas de casa, pobladores de San Sebasti\u00e1n Tutla queman llantas en el crucero del monumento a don Benito Ju\u00e1rez zona oriente; tambi\u00e9n bloquean Camino Nacional y la avenida Ferrocarril. <a href=\"https:\/\/t.co\/Wkw84ciP8q\">pic.twitter.com\/Wkw84ciP8q<\/a><\/p>&mdash; Zona Roja Oaxaca (@MexRoja) <a href=\"https:\/\/twitter.com\/MexRoja\/status\/1204061338806444032?ref_src=twsrc%5Etfw\">9 de diciembre de 2019<\/a><\/blockquote><\/div>\n<\/div><\/figure>\n\n\n\n<p><\/p>\n","protected":false},"excerpt":{"rendered":"<p>Redacci\u00f3n\/Zona Roja. Oaxaca de Ju\u00e1rez, Oax., 9 de diciembre de 2019.- A pesar de haberlo&hellip;<\/p>\n","protected":false},"author":2,"featured_media":6500,"comment_status":"closed","ping_status":"open","sticky":false,"template":"","format":"standard","meta":{"_lmt_disableupdate":"","_lmt_disable":"","_jetpack_memberships_contains_paid_content":false,"footnotes":""},"categories":[109,47],"tags":[1116],"class_list":["post-6499","post","type-post","status-publish","format-standard","has-post-thumbnail","hentry","category-minuto-a-minuto","category-zona-gris","tag-san-sebastian-tutla"],"jetpack_featured_media_url":"https:\/\/zonaroja.com.mx\/wp-content\/uploads\/2019\/12\/PHOTO-2019-12-09-09-00-14.jpg","jetpack_sharing_enabled":true,"_links":{"self":[{"href":"https:\/\/zonaroja.com.mx\/index.php?rest_route=\/wp\/v2\/posts\/6499","targetHints":{"allow":["GET"]}}],"collection":[{"href":"https:\/\/zonaroja.com.mx\/index.php?rest_route=\/wp\/v2\/posts"}],"about":[{"href":"https:\/\/zonaroja.com.mx\/index.php?rest_route=\/wp\/v2\/types\/post"}],"author":[{"embeddable":true,"href":"https:\/\/zonaroja.com.mx\/index.php?rest_route=\/wp\/v2\/users\/2"}],"replies":[{"embeddable":true,"href":"https:\/\/zonaroja.com.mx\/index.php?rest_route=%2Fwp%2Fv2%2Fcomments&post=6499"}],"version-history":[{"count":1,"href":"https:\/\/zonaroja.com.mx\/index.php?rest_route=\/wp\/v2\/posts\/6499\/revisions"}],"predecessor-version":[{"id":6501,"href":"https:\/\/zonaroja.com.mx\/index.php?rest_route=\/wp\/v2\/posts\/6499\/revisions\/6501"}],"wp:featuredmedia":[{"embeddable":true,"href":"https:\/\/zonaroja.com.mx\/index.php?rest_route=\/wp\/v2\/media\/6500"}],"wp:attachment":[{"href":"https:\/\/zonaroja.com.mx\/index.php?rest_route=%2Fwp%2Fv2%2Fmedia&parent=6499"}],"wp:term":[{"taxonomy":"category","embeddable":true,"href":"https:\/\/zonaroja.com.mx\/index.php?rest_route=%2Fwp%2Fv2%2Fcategories&post=6499"},{"taxonomy":"post_tag","embeddable":true,"href":"https:\/\/zonaroja.com.mx\/index.php?rest_route=%2Fwp%2Fv2%2Ftags&post=6499"}],"curies":[{"name":"wp","href":"https:\/\/api.w.org\/{rel}","templated":true}]}}