{"id":64990,"date":"2024-02-05T17:31:00","date_gmt":"2024-02-05T23:31:00","guid":{"rendered":"http:\/\/www.zonaroja.com.mx\/?p=64990"},"modified":"2024-02-05T16:33:51","modified_gmt":"2024-02-05T22:33:51","slug":"asegura-gobernador-que-amlo-no-tiene-odios-ni-rencores-contra-murat-por-eso-lo-invito","status":"publish","type":"post","link":"https:\/\/zonaroja.com.mx\/?p=64990","title":{"rendered":"Asegura gobernador que AMLO \u201cno tiene odios ni rencores\u201d contra Murat, por eso lo invito"},"content":{"rendered":"\n<p>Yuridiana Sosa\/Zona Roja.<\/p>\n\n\n\n<p>Oaxaca de Ju\u00e1rez, Oax., a 5 de febrero de 2024.- El gobernador de Oaxaca, Salom\u00f3n Jara Cruz, se\u00f1al\u00f3 que la presencia del ex gobernador Alejandro Murat Hinojosa, a la inauguraci\u00f3n de la supercarretera Oaxaca-Costa se debi\u00f3 a invitaci\u00f3n del propio Presidente Andr\u00e9s Manuel L\u00f3pez Obrador.<\/p>\n\n\n\n<p>En la conferencia de prensa de este lunes, reconoci\u00f3 que el gesto del mandatario nacional obedece a que es un pol\u00edtico, estadista, que \u201cve por todos, no tiene odios, rencores\u201d, ante ello, dijo: \u201centiendo la invitaci\u00f3n\u201d.<\/p>\n\n\n\n<p>Sin embargo, en lo que corresponde a la reacci\u00f3n de la ciudadan\u00eda contra Murat Hinojosa durante su presentaci\u00f3n en el pres\u00eddium de honor, cuando se escucharon los abucheos, Jara Cruz resalt\u00f3 que fue una respuesta natural, y que incluso desde su gobierno se han se\u00f1alado sus fallas.<\/p>\n\n\n\n<p>\u201cFue una respuesta natural, por lo que no hizo o por lo que hizo.&nbsp; A la gente s\u00ed le molest\u00f3, no lo voy a negar y la gente no estaba muy contenta por los resultados que hubo del gobierno pasado\u201d.<\/p>\n\n\n\n<p>Jara Cruz enfatiz\u00f3: \u201cNo lo puedo ocultar y se los he dicho a ustedes, no he ocultado nada y bueno, como dice la sabidur\u00eda popular \u2018cada uno cosecha lo que uno siembra eso fue\u2019\u201d.<\/p>\n\n\n\n<p>SE SUM\u00d3 A LA FIESTA<\/p>\n\n\n\n<p>De forma inesperada a la fiesta de los gobierno de la 4T por la inauguraci\u00f3n de la autopista Oaxaca-Costa lleg\u00f3 el ex gobernador de Oaxaca, Alejandro Murat Hinojosa.<\/p>\n\n\n\n<p>Pero su asistencia no fue como la de un invitado m\u00e1s, fue de forma especial al formar parte del pres\u00eddium para cortar el list\u00f3n inaugural de la obra y formar parte de la fiesta y d\u00eda hist\u00f3rico para Oaxaca.<\/p>\n\n\n\n<p>Su asistencia estuvo marcada por dos momentos, el social, con la manifestaci\u00f3n de rechazo de los asistentes, quienes lo abuchearon.<\/p>\n\n\n\n<p>Y el pol\u00edtico, el de mayor peso, al contar con el respaldo del presidente de M\u00e9xico, Andr\u00e9s Manuel L\u00f3pez Obrador, quien con sonrisa se acerc\u00f3 a su lugar, lo abraz\u00f3 y alz\u00f3 la mano.<\/p>\n\n\n\n<p>Murat Hinojosa no dej\u00f3 de sonre\u00edr, sinti\u00f3 el apoyo del m\u00e1ximo representante de la cuarta transformaci\u00f3n.<\/p>\n","protected":false},"excerpt":{"rendered":"<p>Yuridiana Sosa\/Zona Roja. Oaxaca de Ju\u00e1rez, Oax., a 5 de febrero de 2024.- El gobernador&hellip;<\/p>\n","protected":false},"author":2,"featured_media":64986,"comment_status":"closed","ping_status":"open","sticky":false,"template":"","format":"standard","meta":{"_lmt_disableupdate":"","_lmt_disable":"","_jetpack_memberships_contains_paid_content":false,"footnotes":""},"categories":[109,46],"tags":[939],"class_list":["post-64990","post","type-post","status-publish","format-standard","has-post-thumbnail","hentry","category-minuto-a-minuto","category-zona-blanca","tag-salomon-jara-cruz"],"jetpack_featured_media_url":"https:\/\/zonaroja.com.mx\/wp-content\/uploads\/2024\/02\/Salomon-Jara-y-Lopez-Obrador.jpg","jetpack_sharing_enabled":true,"_links":{"self":[{"href":"https:\/\/zonaroja.com.mx\/index.php?rest_route=\/wp\/v2\/posts\/64990","targetHints":{"allow":["GET"]}}],"collection":[{"href":"https:\/\/zonaroja.com.mx\/index.php?rest_route=\/wp\/v2\/posts"}],"about":[{"href":"https:\/\/zonaroja.com.mx\/index.php?rest_route=\/wp\/v2\/types\/post"}],"author":[{"embeddable":true,"href":"https:\/\/zonaroja.com.mx\/index.php?rest_route=\/wp\/v2\/users\/2"}],"replies":[{"embeddable":true,"href":"https:\/\/zonaroja.com.mx\/index.php?rest_route=%2Fwp%2Fv2%2Fcomments&post=64990"}],"version-history":[{"count":1,"href":"https:\/\/zonaroja.com.mx\/index.php?rest_route=\/wp\/v2\/posts\/64990\/revisions"}],"predecessor-version":[{"id":64991,"href":"https:\/\/zonaroja.com.mx\/index.php?rest_route=\/wp\/v2\/posts\/64990\/revisions\/64991"}],"wp:featuredmedia":[{"embeddable":true,"href":"https:\/\/zonaroja.com.mx\/index.php?rest_route=\/wp\/v2\/media\/64986"}],"wp:attachment":[{"href":"https:\/\/zonaroja.com.mx\/index.php?rest_route=%2Fwp%2Fv2%2Fmedia&parent=64990"}],"wp:term":[{"taxonomy":"category","embeddable":true,"href":"https:\/\/zonaroja.com.mx\/index.php?rest_route=%2Fwp%2Fv2%2Fcategories&post=64990"},{"taxonomy":"post_tag","embeddable":true,"href":"https:\/\/zonaroja.com.mx\/index.php?rest_route=%2Fwp%2Fv2%2Ftags&post=64990"}],"curies":[{"name":"wp","href":"https:\/\/api.w.org\/{rel}","templated":true}]}}