{"id":64995,"date":"2024-02-05T19:37:00","date_gmt":"2024-02-06T01:37:00","guid":{"rendered":"http:\/\/www.zonaroja.com.mx\/?p=64995"},"modified":"2024-02-05T20:34:41","modified_gmt":"2024-02-06T02:34:41","slug":"ahora-lineas-de-transporte-impiden-ingreso-de-los-coatlanes-a-la-capital","status":"publish","type":"post","link":"https:\/\/zonaroja.com.mx\/?p=64995","title":{"rendered":"Crece conflicto por transporte de pasajeros en supercarretera a la Costa de Oaxaca"},"content":{"rendered":"\n<p>Yuridina Sosa\/Zona Roja.<\/p>\n\n\n\n<p>Oaxaca de Ju\u00e1rez, Oax., 5 de febrero de 2024.- A menos de 24 horas de su apertura, crece el conflicto por el tr\u00e1nsito de unidades de transporte de pasajeros por la supercarretera Oaxaca-Costa. <\/p>\n\n\n\n<p>Esta tarde, autoridades municipales y pobladores de Ejutla de Crespo emitieron un comunicado para informar que de ninguna manera permitir\u00e1n bloqueos o protestas en el tramo Barranca Larga-Ventanilla, en lo que corresponde a la jurisdicci\u00f3n de su municipio.<\/p>\n\n\n\n<p>Y es que durante la ma\u00f1ana, dicha vialidad registr\u00f3 su primera protesta, por parte de transportistas de la zona de Coatlanes, que defienden la exclusividad de la ruta hasta Puerto Escondido.<\/p>\n\n\n\n<p>En respuesta, despu\u00e9s del mediod\u00eda, concesionarios de diversas l\u00edneas, apoyados por la CTM, instalaron un ret\u00e9n en inmediaciones de la carretera a la Costa, a la altura del crucero al aeropuerto, para impedir la entrada a la capital de unidades de comunidades ind\u00edgenas que los han rechazado.<\/p>\n\n\n\n<p>A temprana hora, un grupo de personas, afines a la empresa \u00a0Ruta Coatlanes-Costa S.A. de C.V, instalaron en su zona un filtro para evitar el paso de otras empresas de transportes \u00a0por la zona, ello provoc\u00f3 tambi\u00e9n la movilizaci\u00f3n de elementos de la Polic\u00eda del Estado y Vial del Gobierno del Estado.<\/p>\n\n\n\n<p>Horas antes de iniciar operaciones este lunes, a partir de las 4:00 horas, la empresa Ruta Coatlanes inform\u00f3 en sus redes sociales: \u201cAvisamos a las empresas que van a correr y no tienen acuerdo con Coatlanes que evitemos problemas. Son nuestras tierras y las defenderemos. Estamos en toda la disposici\u00f3n de llegar a acuerdos. &nbsp;viva la 4T. Primeros los pobres\u201d.<\/p>\n\n\n\n<p>Pues desde el pasado viernes las empresas \u00abL\u00edneas Unidas\u201d, \u201cVilla Escondida\u201d y \u201cDelfines\u201d, que ofrecen servicios para Puerto Escondido, iniciaron un bloqueo en la zona por para denunciar la postura de la empresa de Coatlanes y exigir su participaci\u00f3n esa v\u00eda de comunicaci\u00f3n.<\/p>\n\n\n\n<p>CONVOCAN AL DI\u00c1LOGO<\/p>\n\n\n\n<p>Ante este problema, el Gobierno del Estado manifest\u00f3 su postura y su disposici\u00f3n para coadyuvar en las mesas de di\u00e1logo entre los interesados para evitar confrontaciones.<\/p>\n\n\n\n<p>El gobernador Salom\u00f3n Jara Cruz, indic\u00f3 que los permisos -ni concesiones- como el de la ruta de Coatlanes, los otorga el gobierno federal, pues el estatal no cuenta con esas facultades.<\/p>\n\n\n\n<p>No obstante, como gobierno est\u00e1n interesados en la situaci\u00f3n social- pol\u00edtica, en la que s\u00ed van a contribuir.<\/p>\n\n\n\n<p>Jara Cruz expres\u00f3: \u201cNo puede haber solamente el pan para uno, tienen que entrar todas las empresas que quieran entrar\u201d.<\/p>\n\n\n\n<p>Pues indic\u00f3 que \u201ces un medio de comunicaci\u00f3n para todos, y tiene que haber servicios para la sociedad con los transportes p\u00fablicos\u201d.<\/p>\n\n\n\n<p>Por su parte, el secretario de Gobierno, Jes\u00fas Romero L\u00f3pez, precis\u00f3 que es un tema estrictamente federal, pero &nbsp;el Gobierno del Estado va a coadyuvar, y en ese sentido va a participar en la mesa de di\u00e1logo que convoc\u00f3 la Secretar\u00eda de Gobernaci\u00f3n para este 6 de febrero.<\/p>\n\n\n\n<p>En la reuni\u00f3n estar\u00e1 presente la &nbsp;Secretar\u00eda de Infraestructura y Comunicaciones, en la que tambi\u00e9n participar\u00e1 el grupo ADO y sus filiales que tienen permisos federales.<\/p>\n\n\n\n<p>\u201cEl pastel es muy grande, lo que hay que hacer es acomodar a todas y todos para que no haya violencia o conflictos por esta nueva carretera\u201d.<\/p>\n","protected":false},"excerpt":{"rendered":"<p>Yuridina Sosa\/Zona Roja. Oaxaca de Ju\u00e1rez, Oax., 5 de febrero de 2024.- A menos de&hellip;<\/p>\n","protected":false},"author":2,"featured_media":64985,"comment_status":"closed","ping_status":"open","sticky":false,"template":"","format":"standard","meta":{"_lmt_disableupdate":"","_lmt_disable":"","_jetpack_memberships_contains_paid_content":false,"footnotes":""},"categories":[109,47],"tags":[1442],"class_list":["post-64995","post","type-post","status-publish","format-standard","has-post-thumbnail","hentry","category-minuto-a-minuto","category-zona-gris","tag-supercarretera-oaxaca-costa-coatlan"],"jetpack_featured_media_url":"https:\/\/zonaroja.com.mx\/wp-content\/uploads\/2024\/02\/Lineas-unidas-a-la-Costa.jpg","jetpack_sharing_enabled":true,"_links":{"self":[{"href":"https:\/\/zonaroja.com.mx\/index.php?rest_route=\/wp\/v2\/posts\/64995","targetHints":{"allow":["GET"]}}],"collection":[{"href":"https:\/\/zonaroja.com.mx\/index.php?rest_route=\/wp\/v2\/posts"}],"about":[{"href":"https:\/\/zonaroja.com.mx\/index.php?rest_route=\/wp\/v2\/types\/post"}],"author":[{"embeddable":true,"href":"https:\/\/zonaroja.com.mx\/index.php?rest_route=\/wp\/v2\/users\/2"}],"replies":[{"embeddable":true,"href":"https:\/\/zonaroja.com.mx\/index.php?rest_route=%2Fwp%2Fv2%2Fcomments&post=64995"}],"version-history":[{"count":2,"href":"https:\/\/zonaroja.com.mx\/index.php?rest_route=\/wp\/v2\/posts\/64995\/revisions"}],"predecessor-version":[{"id":64999,"href":"https:\/\/zonaroja.com.mx\/index.php?rest_route=\/wp\/v2\/posts\/64995\/revisions\/64999"}],"wp:featuredmedia":[{"embeddable":true,"href":"https:\/\/zonaroja.com.mx\/index.php?rest_route=\/wp\/v2\/media\/64985"}],"wp:attachment":[{"href":"https:\/\/zonaroja.com.mx\/index.php?rest_route=%2Fwp%2Fv2%2Fmedia&parent=64995"}],"wp:term":[{"taxonomy":"category","embeddable":true,"href":"https:\/\/zonaroja.com.mx\/index.php?rest_route=%2Fwp%2Fv2%2Fcategories&post=64995"},{"taxonomy":"post_tag","embeddable":true,"href":"https:\/\/zonaroja.com.mx\/index.php?rest_route=%2Fwp%2Fv2%2Ftags&post=64995"}],"curies":[{"name":"wp","href":"https:\/\/api.w.org\/{rel}","templated":true}]}}